{"id":32703,"date":"2023-07-10T13:53:30","date_gmt":"2023-07-10T11:53:30","guid":{"rendered":"https:\/\/www.treatwell.es/in-the-glow\/?p=32703"},"modified":"2025-12-15T23:01:22","modified_gmt":"2025-12-15T22:01:22","slug":"campana-orgullo","status":"publish","type":"post","link":"https:\/\/www.treatwell.es/in-the-glow\/campana-orgullo\/","title":{"rendered":"Presentamos &#8220;Treat everyone well&#8221;: descubre nuestro compromiso con la inclusi\u00f3n"},"content":{"rendered":"<figure class=\"wp-block-image size-full\"><img decoding=\"async\" width=\"1000\" height=\"600\" data-src=\"https:\/\/www.treatwell.es/in-the-glow\/wp-content\/uploads\/sites\/10\/2023\/06\/ezgif.com-resize-1.png\" alt class=\"wp-image-32705 lazyload\" data-srcset=\"https:\/\/www.treatwell.es/in-the-glow\/wp-content\/uploads\/sites\/10\/2023\/06\/ezgif.com-resize-1.png 1000w, https:\/\/www.treatwell.es/in-the-glow\/wp-content\/uploads\/sites\/10\/2023\/06\/ezgif.com-resize-1-300x180.png 300w, https:\/\/www.treatwell.es/in-the-glow\/wp-content\/uploads\/sites\/10\/2023\/06\/ezgif.com-resize-1-768x461.png 768w\" data-sizes=\"(max-width: 1000px) 100vw, 1000px\" src=\"image\/gif;base64,R0lGODlhAQABAAAAACH5BAEKAAEALAAAAAABAAEAAAICTAEAOw==\" style=\"--smush-placeholder-width: 1000px;--smush-placeholder-aspect-ratio: 1000\/600\" srcset=\"https:\/\/www.treatwell.es/in-the-glow\/wp-content\/uploads\/sites\/10\/2023\/06\/ezgif.com-resize-1.png 1000w, https:\/\/www.treatwell.es/in-the-glow\/wp-content\/uploads\/sites\/10\/2023\/06\/ezgif.com-resize-1-300x180.png 300w, https:\/\/www.treatwell.es/in-the-glow\/wp-content\/uploads\/sites\/10\/2023\/06\/ezgif.com-resize-1-768x461.png 768w\" sizes=\"(max-width: 1000px) 100vw, 1000px\" \/><\/figure>\n<p>Lo primero, es lo primero. Sabemos que nuestra industria (obviamente, somos un +1) tiene mucho trabajo por hacer en materia de diversidad e inclusi\u00f3n. Y aunque&nbsp;(como t\u00fa) <em>a-do-ra-mos<\/em>&nbsp;el sector de la belleza, la peluquer\u00eda, la barber\u00eda y el bienestar, somos conscientes de que todav\u00eda existen prejuicios, estereotipos y desigualdades que va siendo hora de erradicar. Especialmente para la comunidad LGBTQIA+.<\/p>\n<p>Sin embargo, tambi\u00e9n sabemos que el mundo de la belleza est\u00e1 lleno (<em>llenito<\/em>) de personas apasionadas, buenas y *mega* diferentes entre s\u00ed, que comparten nuestra creencia de que todo el mundo -sin excepci\u00f3n- merece ser tratado por igual.&nbsp;<em>L\u00e9ase:&nbsp;<\/em>(s\u00faper) BIEN, que para eso nos dedicamos a esto y, adem\u00e1s, viene intr\u00ednseco en nuestro ADN. Por eso, aunque nuestro nombre sea naturalmente inclusivo, nosotros queremos ir m\u00e1s all\u00e1 diciendo:&nbsp;<mark>Treat<\/mark><strong><mark>&nbsp;<\/mark><\/strong><mark><em>everyone<\/em><\/mark><strong><mark>&nbsp;<\/mark><\/strong><mark>well<\/mark>.<\/p>\n<p>Este Mes del Orgullo, queremos \u00aballanar\u00bb el camino para crear experiencias<em>&nbsp;beauty<\/em>&nbsp;que sean m\u00e1s inclusivas, tanto para ti como cliente, como para nuestros socios. Sabemos que esto no suceder\u00e1 de la noche a la ma\u00f1ana. Pero suceder\u00e1 (damos fe). Porque <em>ahora<\/em> le toca a nuestro sector \u00abmirarse\u00bb en el espejo y deleitarnos con su \u00abantes y despu\u00e9s\u00bb.<\/p>\n<p>Bienvenid@ a &#8220;Treat everyone well&#8221;, una campa\u00f1a &#8220;por y para&#8221; la inclusi\u00f3n donde t\u00fa puedes marcar la diferencia. Descubre c\u00f3mo\ud83d\udc47<\/p>\n<\/p>\n<h2 class=\"wp-block-heading\">El cuidado personal como forma de autoexpresi\u00f3n<\/h2>\n<p>No es ning\u00fan secreto que, en&nbsp;<a href=\"https:\/\/www.treatwell.es\/\">Treatwell<\/a>, creemos firmemente en la importancia del cuidado personal. Sabemos de primer\u00edsima mano c\u00f3mo -gracias al talento y la dedicaci\u00f3n- los profesionales, expertos en&nbsp;<em>darle \u00ablike\u00bb a la autoestim<\/em>a, tienen en sus manos -nunca mejor dicho- el poder de cambiar c\u00f3mo nos sentimos y la percepci\u00f3n que tenemos de nosotros mismos, \u00bfverdad?<\/p>\n<p>Y no solo nos referimos a los cambios m\u00e1s radicales, sino tambi\u00e9n a esos momentos de desconexi\u00f3n que -en unos 30 minutos- pueden elevar nuestra autoestima a nivel <em>celeb<\/em>.<\/p>\n<p>Para los miembros de la comunidad LGBTQIA+, esto puede cobrar a\u00fan m\u00e1s significado. <strong>Hablamos del poder que tiene un corte de pelo para reafirmar la identidad de g\u00e9nero o, por ejemplo, de las manicuras como medio para \u00ab<em>mani<\/em>-festar\u00bb una personalidad<\/strong>.<\/p>\n<p>Los tratamientos \u00abempoderan\u00bb a las personas para abrazarse m\u00e1s a s\u00ed mismas y expresar (al cubo) qui\u00e9nes son o c\u00f3mo se sienten. Pero tambi\u00e9n entendemos  que el mundo de la belleza y el bienestar puede ser bastante intimidante&#8230;<\/p>\n<p>Nos referimos a *esos* momentos en los que&nbsp;<em>descubrimos nuestra piel para darnos un masaje, nos desnudamos para proceder a la depilaci\u00f3n, dejamos en manos ajenas la expresi\u00f3n de nuestras cejas y, en general, confiamos en otras personas para ayudarnos a sacar nuestra mejor versi\u00f3n.<\/em> Ponernos en manos \u00abajenas\u00bb, aunque sean&nbsp;<em>infinitamente<\/em>&nbsp;profesionales, puede implicar m\u00e1s de lo que imaginamos.<\/p>\n<p>Por eso defendemos que el bienestar y el cuidado personal deber\u00edan estar al alcance de todos. De ah\u00ed que hoy presentemos \u00abTreat&nbsp;<em>everyone<\/em>&nbsp;well\u00bb, nuestra primera iniciativa para el mes del&nbsp;<em>Pride<\/em>&nbsp;(que llega para quedarse).<\/p>\n<p>\ud83d\udc4f&nbsp;\ud83d\udc4f&nbsp;\ud83d\udc4f Un aplauso **virtual**, por favor\u2026<\/p>\n<\/p>\n<h2 class=\"wp-block-heading\">Salones LGBTQIA+ <em>friendly<\/em><\/h2>\n<p>Sabemos que tu mente puede estar marin\u00e1ndose en preguntas como \u00ab\u00bfDe qu\u00e9 trata esta campa\u00f1a?\u00bb, o \u00ab\u00bfC\u00f3mo puedo unirme?\u00bb. Muy simple. Estamos ofreciendo a nuestros salones un distintivo para contarle&nbsp;<em>al resto del mundo<\/em>&nbsp;que son negocios LGBTQIA+&nbsp;<em>friendly<\/em> y que defienden el trato inclusivo.<\/p>\n<p>Para ello, deben firmar nuestro compromiso con la inclusi\u00f3n, colocar *con orgullo* la insignia LGBTQIA+&nbsp;<em>friendly&nbsp;<\/em>en su perfil y cumplir con los valores del Pride* en cada reserva. As\u00ed t\u00fa podr\u00e1s reservar a trav\u00e9s del distintivo y sabr\u00e1s que sus mantras &#8220;casan&#8221; con los tuyos cada vez que acudas a un tratamiento.<\/p>\n<div class=\"wp-block-image\">\n<figure class=\"aligncenter size-full\"><img decoding=\"async\" data-src=\"https:\/\/nl-nl.twb2c.wpengine.treatwell.com\/wp-content\/uploads\/sites\/4\/2023\/06\/Badge_static_image.png\" alt class=\"wp-image-28713 lazyload\" src=\"image\/gif;base64,R0lGODlhAQABAAAAACH5BAEKAAEALAAAAAABAAEAAAICTAEAOw==\"><\/figure>\n<\/div>\n<h3 class=\"wp-block-heading\">\u00bfC\u00f3mo obtienen la insignia los salones?<\/h3>\n<p>Obviamente, esto tambi\u00e9n te lo queremos contar. Para que nuestros salones coloquen el distintivo en su p\u00e1gina de Treatwell, deben:<\/p>\n<ul class=\"wp-block-list\">\n<li>Leer detenidamente nuestro compromiso.<\/li>\n<li>Aceptarlo *con orgullo*,  completando la <em>info<\/em> de su sal\u00f3n y haciendo clic en el bot\u00f3n &#8220;Aceptar&#8221;.<\/li>\n<li>Entender que, al unirse, se comprometen a cumplir y respetar los valores del Pride* ofreciendo un trato inclusivo en cada una de sus citas.<\/li>\n<\/ul>\n<p>*Valores del Pride: <em>Professionalism, Respect, Integrity, Diversity, Excellence. University of California San Francisco.&nbsp;<a href=\"https:\/\/lgbt.ucsf.edu\/pride-values#:~:text=Originally%20adopted%20by%20UCSF%20Medical,%2C%20Integrity%2C%20Diversity%20and%20Excellence\">Aqu\u00ed<\/a>&nbsp;puedes consultar m\u00e1s info al respecto.<\/em><\/p>\n<p>Una vez recibido el compromiso, lo revisamos y colocamos el distintivo LGBTQIA+&nbsp;<em>friendly<\/em>&nbsp;(como su particular muestra de apoyo) en su p\u00e1gina de Treatwell.<\/p>\n<p>\u00bfQuieres un adelanto? Echa un vistazo a nuestro compromiso \ud83d\udc40<\/p>\n<div class=\"wp-block-image\">\n<figure class=\"aligncenter size-full\"><img decoding=\"async\" width=\"700\" height=\"840\" data-src=\"https:\/\/www.treatwell.es/in-the-glow\/wp-content\/uploads\/sites\/10\/2023\/07\/Captura-de-Pantalla-2023-06-30-a-las-10.15.39.png\" alt class=\"wp-image-32714 lazyload\" data-srcset=\"https:\/\/www.treatwell.es/in-the-glow\/wp-content\/uploads\/sites\/10\/2023\/07\/Captura-de-Pantalla-2023-06-30-a-las-10.15.39.png 700w, https:\/\/www.treatwell.es/in-the-glow\/wp-content\/uploads\/sites\/10\/2023\/07\/Captura-de-Pantalla-2023-06-30-a-las-10.15.39-250x300.png 250w\" data-sizes=\"(max-width: 700px) 100vw, 700px\" src=\"image\/gif;base64,R0lGODlhAQABAAAAACH5BAEKAAEALAAAAAABAAEAAAICTAEAOw==\" style=\"--smush-placeholder-width: 700px;--smush-placeholder-aspect-ratio: 700\/840\" srcset=\"https:\/\/www.treatwell.es/in-the-glow\/wp-content\/uploads\/sites\/10\/2023\/07\/Captura-de-Pantalla-2023-06-30-a-las-10.15.39.png 700w, https:\/\/www.treatwell.es/in-the-glow\/wp-content\/uploads\/sites\/10\/2023\/07\/Captura-de-Pantalla-2023-06-30-a-las-10.15.39-250x300.png 250w\" sizes=\"(max-width: 700px) 100vw, 700px\" \/><\/figure>\n<\/div>\n<p>Como parte de nuestra iniciativa, tambi\u00e9n motivamos a nuestros salones a adoptar otras medidas para hacer que sus negocios (y la industria en general) sean m\u00e1s inclusivos, como:<\/p>\n<ul class=\"wp-block-list\">\n<li>Pedirte a ti, como cliente, que dejes rese\u00f1as sobre lo que opinas de la inclusi\u00f3n en su sal\u00f3n y actuar en consecuencia.<\/li>\n<li>Motivar a su personal para que aprenda m\u00e1s sobre diversidad e inclusi\u00f3n.<\/li>\n<\/ul>\n<h2 class=\"wp-block-heading\">Lo que significa para ti<\/h2>\n<p>Queremos que nuestros clientes LGBTQIA+ se sientan seguros, aceptados y comprendidos, especialmente en sus momentos m\u00e1s \u00edntimos. Al &#8220;abanderar&#8221; sus negocios con el distintivo, nuestros salones &#8220;dicen&#8221; alto y claro que no tolerar\u00e1n ni un \u00e1pice de discriminaci\u00f3n y que su sal\u00f3n es un espacio inclusivo.<\/p>\n<p>Y es que, cuando (por fin) encontramos un sal\u00f3n que nos comprende y acepta tal y como somos, es cuando realmente sucede \u00abla magia\u00bb. Esa magia capaz de disparar la autoestima, aumentar la confianza y reafirmar la identidad de quien nos conf\u00eda sus desaf\u00edos a nivel f\u00edsico, sea a trav\u00e9s de un&nbsp;<em>mullet<\/em>, un&nbsp;<em>balayage<\/em>&nbsp;arco\u00edris o mediante el poder del acr\u00edlico (que lo tiene,&nbsp;<em>ejem<\/em>).<\/p>\n<p>Todos merecemos ser tratados con respeto y dignidad mientras invertimos en nuestro bienestar como forma de expresi\u00f3n para sentirnos mejor. Por eso,&nbsp;<strong>con \u201cTreat&nbsp;<em>everyone<\/em>&nbsp;well\u201d esperamos ayudar a la comunidad LGBTQIA+<\/strong>&nbsp;<strong>a reservar&nbsp;<em>sin reservas<\/em><\/strong>. Sin la posibilidad de ser juzgados. Sin miedo. Con ganas.<\/p>\n<p><strong>Porque nuestro tiempo personal deber\u00eda estar libre de prejuicios<\/strong>&nbsp;y porque, el bienestar,&nbsp;<s>es<\/s>&nbsp;deber\u00eda ser algo universal.<\/p>\n<h2 class=\"wp-block-heading\">Reserva por insignia<\/h2>\n<p>Sabemos que a nuestros clientes les gusta reservar donde comparten, por as\u00ed decirlo, sus <em>mantras<\/em> y valores. Por eso, si te sientes identificad@, te animamos a que reserves a trav\u00e9s de la insignia. Tanto si perteneces a la comunidad LGBTQIA+ como si la apoyas firmemente, reservar v\u00eda distintivo es una forma de sellar tu compromiso con la inclusi\u00f3n.<\/p>\n<p>Y lo que es m\u00e1s, est\u00e1s diciendo &#8220;no&#8221; a los prejuicios, los c\u00e1nones de belleza, los estereotipos y la discriminaci\u00f3n &#8211; y nos estar\u00e1s ayudando a conseguir que la industria de la belleza sea un lugar m\u00e1s (bonito e) inclusivo para todo el mundo.<\/p>\n<h2 class=\"wp-block-heading\">C\u00f3mo reservar por insignia<\/h2>\n<p>Simplemente, busca el distintivo LGBTQIA+ <em>friendly<\/em> al reservar tus tratamientos de belleza, peluquer\u00eda y barber\u00eda. La mejor manera de apoyar el trato inclusivo, reserva tras reserva.<\/p>\n<div class=\"wp-block-buttons is-content-justification-center is-layout-flex wp-container-core-buttons-is-layout-16018d1d wp-block-buttons-is-layout-flex\">\n<div class=\"wp-block-button\"><a class=\"wp-block-button__link wp-element-button\" href=\"https:\/\/www.treatwell.es\/establecimientos\/premio-lgbtqiaplus\/oferta-tipo-local\/en-es\/\">Salones con insignia<\/a><\/div>\n<\/div>\n<p class=\"has-text-align-center\"><em>Juntos, podemos decir:&nbsp;<\/em><\/p>\n<p class=\"has-text-align-center\"><em>&#8220;S\u00ed&#8221; a la peluquer\u00eda, la barber\u00eda, la est\u00e9tica, el bienestar y la autoestima.<\/em><\/p>\n<p class=\"has-text-align-center\"><em>\u201cNo\u201d a los c\u00e1nones de belleza, los estereotipos y la discriminaci\u00f3n.<\/em><\/p>\n<p class=\"has-text-align-center\"><em>No solo durante el Mes del Orgullo.<\/em><\/p>\n<p class=\"has-text-align-center\"><em>Por el amor propio y la autoexpresi\u00f3n<\/em>:&nbsp;<em>hag\u00e1moslo todos los meses del a\u00f1o.<\/em><\/p>\n<p class=\"has-text-align-center\">Treat<em>&nbsp;<strong>everyone<\/strong>&nbsp;<\/em>well\ud83d\udc99<\/p>\n<div class=\"schema-faq wp-block-yoast-faq-block\"><\/div>\n","protected":false},"excerpt":{"rendered":"<p>Lo primero, es lo primero. Sabemos que nuestra industria (obviamente, somos un +1) tiene mucho trabajo por hacer en materia de diversidad e inclusi\u00f3n. Y aunque&nbsp;(como t\u00fa) a-do-ra-mos&nbsp;el sector de la belleza, la peluquer\u00eda, la barber\u00eda y el bienestar, somos conscientes de que todav\u00eda existen prejuicios, estereotipos y desigualdades que va siendo hora de erradicar. [&hellip;]<\/p>\n","protected":false},"author":3366,"featured_media":32705,"comment_status":"closed","ping_status":"closed","sticky":false,"template":"","format":"standard","meta":{"_acf_changed":false,"_yoast_wpseo_title":"Belleza inclusiva: salones LGBTQIA+ friendly | Treatwell","_yoast_wpseo_metadesc":"Descubre c\u00f3mo Treatwell impulsa la inclusi\u00f3n en belleza. Reserva en salones LGBTQIA+ friendly, disfruta experiencias seguras y personalizadas. Apoya la diversidad.","_genesis_hide_title":false,"_genesis_hide_breadcrumbs":false,"_genesis_hide_singular_image":false,"_genesis_hide_footer_widgets":false,"_genesis_custom_body_class":"","_genesis_custom_post_class":"","_genesis_layout":"","saswp_custom_schema_field":"","footnotes":""},"categories":[1],"tags":[],"class_list":{"0":"post-32703","1":"post","2":"type-post","3":"status-publish","4":"format-standard","5":"has-post-thumbnail","7":"category-senza-categoria","8":"entry"},"acf":{"post_credits":"","beauty_blog_post_button_title":"","beauty_blog_post_button":"","landscape_picture":"","blocks":null},"yoast_head":"<!-- This site is optimized with the Yoast SEO plugin v27.4 - https:\/\/yoast.com\/product\/yoast-seo-wordpress\/ -->\n<title>Belleza inclusiva: salones LGBTQIA+ friendly | Treatwell<\/title>\n<meta name=\"description\" content=\"Descubre c\u00f3mo Treatwell impulsa la inclusi\u00f3n en belleza. Reserva en salones LGBTQIA+ friendly, disfruta experiencias seguras y personalizadas. Apoya la diversidad.\" \/>\n<meta name=\"robots\" content=\"index, follow, max-snippet:-1, max-image-preview:large, max-video-preview:-1\" \/>\n<link rel=\"canonical\" href=\"https:\/\/www.treatwell.es/in-the-glow\/campana-orgullo\/\" \/>\n<meta property=\"og:locale\" content=\"es_ES\" \/>\n<meta property=\"og:type\" content=\"article\" \/>\n<meta property=\"og:title\" content=\"Belleza inclusiva: salones LGBTQIA+ friendly | Treatwell\" \/>\n<meta property=\"og:description\" content=\"Descubre c\u00f3mo Treatwell impulsa la inclusi\u00f3n en belleza. Reserva en salones LGBTQIA+ friendly, disfruta experiencias seguras y personalizadas. Apoya la diversidad.\" \/>\n<meta property=\"og:url\" content=\"https:\/\/www.treatwell.es/in-the-glow\/campana-orgullo\/\" \/>\n<meta property=\"og:site_name\" content=\"In The Glow\" \/>\n<meta property=\"article:published_time\" content=\"2023-07-10T11:53:30+00:00\" \/>\n<meta property=\"article:modified_time\" content=\"2025-12-15T22:01:22+00:00\" \/>\n<meta property=\"og:image\" content=\"https:\/\/www.treatwell.es/in-the-glow\/wp-content\/uploads\/sites\/10\/2023\/06\/ezgif.com-resize-1.png\" \/>\n\t<meta property=\"og:image:width\" content=\"1000\" \/>\n\t<meta property=\"og:image:height\" content=\"600\" \/>\n\t<meta property=\"og:image:type\" content=\"image\/png\" \/>\n<meta name=\"author\" content=\"Beth Ryan\" \/>\n<meta name=\"twitter:card\" content=\"summary_large_image\" \/>\n<meta name=\"twitter:label1\" content=\"Escrito por\" \/>\n\t<meta name=\"twitter:data1\" content=\"Beth Ryan\" \/>\n\t<meta name=\"twitter:label2\" content=\"Tiempo de lectura\" \/>\n\t<meta name=\"twitter:data2\" content=\"6 minutos\" \/>\n<script type=\"application\/ld+json\" class=\"yoast-schema-graph\">{\"@context\":\"https:\\\/\\\/schema.org\",\"@graph\":[{\"@type\":\"Article\",\"@id\":\"https:\\\/\\\/www.treatwell.es/in-the-glow\\\/campana-orgullo\\\/#article\",\"isPartOf\":{\"@id\":\"https:\\\/\\\/www.treatwell.es/in-the-glow\\\/campana-orgullo\\\/\"},\"author\":{\"name\":\"Beth Ryan\",\"@id\":\"https:\\\/\\\/www.treatwell.es/in-the-glow\\\/#\\\/schema\\\/person\\\/45be8f7781947e6c6d31f4b658271bf6\"},\"headline\":\"Presentamos &#8220;Treat everyone well&#8221;: descubre nuestro compromiso con la inclusi\u00f3n\",\"datePublished\":\"2023-07-10T11:53:30+00:00\",\"dateModified\":\"2025-12-15T22:01:22+00:00\",\"mainEntityOfPage\":{\"@id\":\"https:\\\/\\\/www.treatwell.es/in-the-glow\\\/campana-orgullo\\\/\"},\"wordCount\":1287,\"publisher\":{\"@id\":\"https:\\\/\\\/www.treatwell.es/in-the-glow\\\/#organization\"},\"image\":{\"@id\":\"https:\\\/\\\/www.treatwell.es/in-the-glow\\\/campana-orgullo\\\/#primaryimage\"},\"thumbnailUrl\":\"https:\\\/\\\/www.treatwell.es/in-the-glow\\\/wp-content\\\/uploads\\\/sites\\\/10\\\/2023\\\/06\\\/ezgif.com-resize-1.png\",\"articleSection\":[\"Senza categoria\"],\"inLanguage\":\"es\"},{\"@type\":\"WebPage\",\"@id\":\"https:\\\/\\\/www.treatwell.es/in-the-glow\\\/campana-orgullo\\\/\",\"url\":\"https:\\\/\\\/www.treatwell.es/in-the-glow\\\/campana-orgullo\\\/\",\"name\":\"Belleza inclusiva: salones LGBTQIA+ friendly | Treatwell\",\"isPartOf\":{\"@id\":\"https:\\\/\\\/www.treatwell.es/in-the-glow\\\/#website\"},\"primaryImageOfPage\":{\"@id\":\"https:\\\/\\\/www.treatwell.es/in-the-glow\\\/campana-orgullo\\\/#primaryimage\"},\"image\":{\"@id\":\"https:\\\/\\\/www.treatwell.es/in-the-glow\\\/campana-orgullo\\\/#primaryimage\"},\"thumbnailUrl\":\"https:\\\/\\\/www.treatwell.es/in-the-glow\\\/wp-content\\\/uploads\\\/sites\\\/10\\\/2023\\\/06\\\/ezgif.com-resize-1.png\",\"datePublished\":\"2023-07-10T11:53:30+00:00\",\"dateModified\":\"2025-12-15T22:01:22+00:00\",\"description\":\"Descubre c\u00f3mo Treatwell impulsa la inclusi\u00f3n en belleza. Reserva en salones LGBTQIA+ friendly, disfruta experiencias seguras y personalizadas. Apoya la diversidad.\",\"breadcrumb\":{\"@id\":\"https:\\\/\\\/www.treatwell.es/in-the-glow\\\/campana-orgullo\\\/#breadcrumb\"},\"inLanguage\":\"es\",\"potentialAction\":[{\"@type\":\"ReadAction\",\"target\":[\"https:\\\/\\\/www.treatwell.es/in-the-glow\\\/campana-orgullo\\\/\"]}]},{\"@type\":\"ImageObject\",\"inLanguage\":\"es\",\"@id\":\"https:\\\/\\\/www.treatwell.es/in-the-glow\\\/campana-orgullo\\\/#primaryimage\",\"url\":\"https:\\\/\\\/www.treatwell.es/in-the-glow\\\/wp-content\\\/uploads\\\/sites\\\/10\\\/2023\\\/06\\\/ezgif.com-resize-1.png\",\"contentUrl\":\"https:\\\/\\\/www.treatwell.es/in-the-glow\\\/wp-content\\\/uploads\\\/sites\\\/10\\\/2023\\\/06\\\/ezgif.com-resize-1.png\",\"width\":1000,\"height\":600},{\"@type\":\"BreadcrumbList\",\"@id\":\"https:\\\/\\\/www.treatwell.es/in-the-glow\\\/campana-orgullo\\\/#breadcrumb\",\"itemListElement\":[{\"@type\":\"ListItem\",\"position\":1,\"name\":\"Home\",\"item\":\"https:\\\/\\\/www.treatwell.es/in-the-glow\\\/\"},{\"@type\":\"ListItem\",\"position\":2,\"name\":\"Senza categoria\",\"item\":\"https:\\\/\\\/www.treatwell.es/in-the-glow\\\/senza-categoria\\\/\"},{\"@type\":\"ListItem\",\"position\":3,\"name\":\"Presentamos &#8220;Treat everyone well&#8221;: descubre nuestro compromiso con la inclusi\u00f3n\"}]},{\"@type\":\"WebSite\",\"@id\":\"https:\\\/\\\/www.treatwell.es/in-the-glow\\\/#website\",\"url\":\"https:\\\/\\\/www.treatwell.es/in-the-glow\\\/\",\"name\":\"In The Glow\",\"description\":\"Belleza. Pelo. Lifestyle.\",\"publisher\":{\"@id\":\"https:\\\/\\\/www.treatwell.es/in-the-glow\\\/#organization\"},\"potentialAction\":[{\"@type\":\"SearchAction\",\"target\":{\"@type\":\"EntryPoint\",\"urlTemplate\":\"https:\\\/\\\/www.treatwell.es/in-the-glow\\\/?s={search_term_string}\"},\"query-input\":{\"@type\":\"PropertyValueSpecification\",\"valueRequired\":true,\"valueName\":\"search_term_string\"}}],\"inLanguage\":\"es\"},{\"@type\":\"Organization\",\"@id\":\"https:\\\/\\\/www.treatwell.es/in-the-glow\\\/#organization\",\"name\":\"Treatwell\",\"url\":\"https:\\\/\\\/www.treatwell.es/in-the-glow\\\/\",\"logo\":{\"@type\":\"ImageObject\",\"inLanguage\":\"es\",\"@id\":\"https:\\\/\\\/www.treatwell.es/in-the-glow\\\/#\\\/schema\\\/logo\\\/image\\\/\",\"url\":\"https:\\\/\\\/www.treatwell.es/in-the-glow\\\/wp-content\\\/uploads\\\/sites\\\/10\\\/2022\\\/03\\\/logo_treatwell.png\",\"contentUrl\":\"https:\\\/\\\/www.treatwell.es/in-the-glow\\\/wp-content\\\/uploads\\\/sites\\\/10\\\/2022\\\/03\\\/logo_treatwell.png\",\"width\":889,\"height\":164,\"caption\":\"Treatwell\"},\"image\":{\"@id\":\"https:\\\/\\\/www.treatwell.es/in-the-glow\\\/#\\\/schema\\\/logo\\\/image\\\/\"}},{\"@type\":\"Person\",\"@id\":\"https:\\\/\\\/www.treatwell.es/in-the-glow\\\/#\\\/schema\\\/person\\\/45be8f7781947e6c6d31f4b658271bf6\",\"name\":\"Beth Ryan\",\"image\":{\"@type\":\"ImageObject\",\"inLanguage\":\"es\",\"@id\":\"https:\\\/\\\/secure.gravatar.com\\\/avatar\\\/93502c3b0591e62d75cc697ff3b5b8f47fef521e9dd0d61feb5570ae6d459200?s=96&d=mm&r=g\",\"url\":\"https:\\\/\\\/secure.gravatar.com\\\/avatar\\\/93502c3b0591e62d75cc697ff3b5b8f47fef521e9dd0d61feb5570ae6d459200?s=96&d=mm&r=g\",\"contentUrl\":\"https:\\\/\\\/secure.gravatar.com\\\/avatar\\\/93502c3b0591e62d75cc697ff3b5b8f47fef521e9dd0d61feb5570ae6d459200?s=96&d=mm&r=g\",\"caption\":\"Beth Ryan\"},\"url\":\"https:\\\/\\\/www.treatwell.es/in-the-glow\\\/author\\\/bethanyryan\\\/\"}]}<\/script>\n<!-- \/ Yoast SEO plugin. -->","yoast_head_json":{"title":"Belleza inclusiva: salones LGBTQIA+ friendly | Treatwell","description":"Descubre c\u00f3mo Treatwell impulsa la inclusi\u00f3n en belleza. Reserva en salones LGBTQIA+ friendly, disfruta experiencias seguras y personalizadas. Apoya la diversidad.","robots":{"index":"index","follow":"follow","max-snippet":"max-snippet:-1","max-image-preview":"max-image-preview:large","max-video-preview":"max-video-preview:-1"},"canonical":"https:\/\/www.treatwell.es/in-the-glow\/campana-orgullo\/","og_locale":"es_ES","og_type":"article","og_title":"Belleza inclusiva: salones LGBTQIA+ friendly | Treatwell","og_description":"Descubre c\u00f3mo Treatwell impulsa la inclusi\u00f3n en belleza. Reserva en salones LGBTQIA+ friendly, disfruta experiencias seguras y personalizadas. Apoya la diversidad.","og_url":"https:\/\/www.treatwell.es/in-the-glow\/campana-orgullo\/","og_site_name":"In The Glow","article_published_time":"2023-07-10T11:53:30+00:00","article_modified_time":"2025-12-15T22:01:22+00:00","og_image":[{"width":1000,"height":600,"url":"https:\/\/www.treatwell.es/in-the-glow\/wp-content\/uploads\/sites\/10\/2023\/06\/ezgif.com-resize-1.png","type":"image\/png"}],"author":"Beth Ryan","twitter_card":"summary_large_image","twitter_misc":{"Escrito por":"Beth Ryan","Tiempo de lectura":"6 minutos"},"schema":{"@context":"https:\/\/schema.org","@graph":[{"@type":"Article","@id":"https:\/\/www.treatwell.es/in-the-glow\/campana-orgullo\/#article","isPartOf":{"@id":"https:\/\/www.treatwell.es/in-the-glow\/campana-orgullo\/"},"author":{"name":"Beth Ryan","@id":"https:\/\/www.treatwell.es/in-the-glow\/#\/schema\/person\/45be8f7781947e6c6d31f4b658271bf6"},"headline":"Presentamos &#8220;Treat everyone well&#8221;: descubre nuestro compromiso con la inclusi\u00f3n","datePublished":"2023-07-10T11:53:30+00:00","dateModified":"2025-12-15T22:01:22+00:00","mainEntityOfPage":{"@id":"https:\/\/www.treatwell.es/in-the-glow\/campana-orgullo\/"},"wordCount":1287,"publisher":{"@id":"https:\/\/www.treatwell.es/in-the-glow\/#organization"},"image":{"@id":"https:\/\/www.treatwell.es/in-the-glow\/campana-orgullo\/#primaryimage"},"thumbnailUrl":"https:\/\/www.treatwell.es/in-the-glow\/wp-content\/uploads\/sites\/10\/2023\/06\/ezgif.com-resize-1.png","articleSection":["Senza categoria"],"inLanguage":"es"},{"@type":"WebPage","@id":"https:\/\/www.treatwell.es/in-the-glow\/campana-orgullo\/","url":"https:\/\/www.treatwell.es/in-the-glow\/campana-orgullo\/","name":"Belleza inclusiva: salones LGBTQIA+ friendly | Treatwell","isPartOf":{"@id":"https:\/\/www.treatwell.es/in-the-glow\/#website"},"primaryImageOfPage":{"@id":"https:\/\/www.treatwell.es/in-the-glow\/campana-orgullo\/#primaryimage"},"image":{"@id":"https:\/\/www.treatwell.es/in-the-glow\/campana-orgullo\/#primaryimage"},"thumbnailUrl":"https:\/\/www.treatwell.es/in-the-glow\/wp-content\/uploads\/sites\/10\/2023\/06\/ezgif.com-resize-1.png","datePublished":"2023-07-10T11:53:30+00:00","dateModified":"2025-12-15T22:01:22+00:00","description":"Descubre c\u00f3mo Treatwell impulsa la inclusi\u00f3n en belleza. Reserva en salones LGBTQIA+ friendly, disfruta experiencias seguras y personalizadas. Apoya la diversidad.","breadcrumb":{"@id":"https:\/\/www.treatwell.es/in-the-glow\/campana-orgullo\/#breadcrumb"},"inLanguage":"es","potentialAction":[{"@type":"ReadAction","target":["https:\/\/www.treatwell.es/in-the-glow\/campana-orgullo\/"]}]},{"@type":"ImageObject","inLanguage":"es","@id":"https:\/\/www.treatwell.es/in-the-glow\/campana-orgullo\/#primaryimage","url":"https:\/\/www.treatwell.es/in-the-glow\/wp-content\/uploads\/sites\/10\/2023\/06\/ezgif.com-resize-1.png","contentUrl":"https:\/\/www.treatwell.es/in-the-glow\/wp-content\/uploads\/sites\/10\/2023\/06\/ezgif.com-resize-1.png","width":1000,"height":600},{"@type":"BreadcrumbList","@id":"https:\/\/www.treatwell.es/in-the-glow\/campana-orgullo\/#breadcrumb","itemListElement":[{"@type":"ListItem","position":1,"name":"Home","item":"https:\/\/www.treatwell.es/in-the-glow\/"},{"@type":"ListItem","position":2,"name":"Senza categoria","item":"https:\/\/www.treatwell.es/in-the-glow\/senza-categoria\/"},{"@type":"ListItem","position":3,"name":"Presentamos &#8220;Treat everyone well&#8221;: descubre nuestro compromiso con la inclusi\u00f3n"}]},{"@type":"WebSite","@id":"https:\/\/www.treatwell.es/in-the-glow\/#website","url":"https:\/\/www.treatwell.es/in-the-glow\/","name":"In The Glow","description":"Belleza. Pelo. Lifestyle.","publisher":{"@id":"https:\/\/www.treatwell.es/in-the-glow\/#organization"},"potentialAction":[{"@type":"SearchAction","target":{"@type":"EntryPoint","urlTemplate":"https:\/\/www.treatwell.es/in-the-glow\/?s={search_term_string}"},"query-input":{"@type":"PropertyValueSpecification","valueRequired":true,"valueName":"search_term_string"}}],"inLanguage":"es"},{"@type":"Organization","@id":"https:\/\/www.treatwell.es/in-the-glow\/#organization","name":"Treatwell","url":"https:\/\/www.treatwell.es/in-the-glow\/","logo":{"@type":"ImageObject","inLanguage":"es","@id":"https:\/\/www.treatwell.es/in-the-glow\/#\/schema\/logo\/image\/","url":"https:\/\/www.treatwell.es/in-the-glow\/wp-content\/uploads\/sites\/10\/2022\/03\/logo_treatwell.png","contentUrl":"https:\/\/www.treatwell.es/in-the-glow\/wp-content\/uploads\/sites\/10\/2022\/03\/logo_treatwell.png","width":889,"height":164,"caption":"Treatwell"},"image":{"@id":"https:\/\/www.treatwell.es/in-the-glow\/#\/schema\/logo\/image\/"}},{"@type":"Person","@id":"https:\/\/www.treatwell.es/in-the-glow\/#\/schema\/person\/45be8f7781947e6c6d31f4b658271bf6","name":"Beth Ryan","image":{"@type":"ImageObject","inLanguage":"es","@id":"https:\/\/secure.gravatar.com\/avatar\/93502c3b0591e62d75cc697ff3b5b8f47fef521e9dd0d61feb5570ae6d459200?s=96&d=mm&r=g","url":"https:\/\/secure.gravatar.com\/avatar\/93502c3b0591e62d75cc697ff3b5b8f47fef521e9dd0d61feb5570ae6d459200?s=96&d=mm&r=g","contentUrl":"https:\/\/secure.gravatar.com\/avatar\/93502c3b0591e62d75cc697ff3b5b8f47fef521e9dd0d61feb5570ae6d459200?s=96&d=mm&r=g","caption":"Beth Ryan"},"url":"https:\/\/www.treatwell.es/in-the-glow\/author\/bethanyryan\/"}]}},"featured_image_src":"https:\/\/www.treatwell.es/in-the-glow\/wp-content\/uploads\/sites\/10\/2023\/06\/ezgif.com-resize-1-600x400.png","featured_image_src_square":"https:\/\/www.treatwell.es/in-the-glow\/wp-content\/uploads\/sites\/10\/2023\/06\/ezgif.com-resize-1-600x600.png","author_info":{"display_name":"Beth Ryan","author_link":"https:\/\/www.treatwell.es/in-the-glow\/author\/bethanyryan\/"},"_links":{"self":[{"href":"https:\/\/www.treatwell.es\/in-the-glow\/wp-json\/wp\/v2\/posts\/32703","targetHints":{"allow":["GET"]}}],"collection":[{"href":"https:\/\/www.treatwell.es\/in-the-glow\/wp-json\/wp\/v2\/posts"}],"about":[{"href":"https:\/\/www.treatwell.es\/in-the-glow\/wp-json\/wp\/v2\/types\/post"}],"author":[{"embeddable":true,"href":"https:\/\/www.treatwell.es\/in-the-glow\/wp-json\/wp\/v2\/users\/3366"}],"replies":[{"embeddable":true,"href":"https:\/\/www.treatwell.es\/in-the-glow\/wp-json\/wp\/v2\/comments?post=32703"}],"version-history":[{"count":0,"href":"https:\/\/www.treatwell.es\/in-the-glow\/wp-json\/wp\/v2\/posts\/32703\/revisions"}],"wp:featuredmedia":[{"embeddable":true,"href":"https:\/\/www.treatwell.es\/in-the-glow\/wp-json\/wp\/v2\/media\/32705"}],"wp:attachment":[{"href":"https:\/\/www.treatwell.es\/in-the-glow\/wp-json\/wp\/v2\/media?parent=32703"}],"wp:term":[{"taxonomy":"category","embeddable":true,"href":"https:\/\/www.treatwell.es\/in-the-glow\/wp-json\/wp\/v2\/categories?post=32703"},{"taxonomy":"post_tag","embeddable":true,"href":"https:\/\/www.treatwell.es\/in-the-glow\/wp-json\/wp\/v2\/tags?post=32703"}],"curies":[{"name":"wp","href":"https:\/\/api.w.org\/{rel}","templated":true}]}}