{"id":32987,"date":"2026-03-13T17:19:47","date_gmt":"2026-03-13T16:19:47","guid":{"rendered":"https:\/\/www.treatwell.es/in-the-glow\/?p=32987"},"modified":"2026-03-13T18:31:21","modified_gmt":"2026-03-13T17:31:21","slug":"tratamientos-faciales-de-primavera-11-tratamientos-que-tu-piel-estaba-esperando","status":"publish","type":"post","link":"https:\/\/www.treatwell.es/in-the-glow\/tratamientos-faciales-de-primavera-11-tratamientos-que-tu-piel-estaba-esperando\/","title":{"rendered":"Tratamientos faciales de primavera: 11 tratamientos que tu piel estaba esperando"},"content":{"rendered":"\n<p><em>Tu piel ha sobrevivido al invierno. Apenas. Estos son los 11 tratamientos faciales profesionales <\/em><em>(desde<\/em><em> el Hydrafacial al microneedling<\/em><em>)<\/em><em> <\/em><em><s>\u2013 <\/s><\/em><em>que van a devolverla a la vida. Con resultados tan evidentes que querr\u00e1s repetir antes de levantarte de la camilla.<\/em><\/p>\n\n\n<div class=\"wp-block-image\">\n<figure class=\"aligncenter size-large\"><img decoding=\"async\" width=\"1024\" height=\"576\" data-src=\"https:\/\/www.treatwell.es/in-the-glow\/wp-content\/uploads\/sites\/10\/2026\/03\/Feature-Image-1024x576.png\" alt=\"Tratamientos faciales de primavera | Treatwell\" class=\"wp-image-32988 lazyload\" data-srcset=\"https:\/\/www.treatwell.es/in-the-glow\/wp-content\/uploads\/sites\/10\/2026\/03\/Feature-Image-1024x576.png 1024w, https:\/\/www.treatwell.es/in-the-glow\/wp-content\/uploads\/sites\/10\/2026\/03\/Feature-Image-300x169.png 300w, https:\/\/www.treatwell.es/in-the-glow\/wp-content\/uploads\/sites\/10\/2026\/03\/Feature-Image-768x432.png 768w, https:\/\/www.treatwell.es/in-the-glow\/wp-content\/uploads\/sites\/10\/2026\/03\/Feature-Image.png 1200w\" data-sizes=\"(max-width: 1024px) 100vw, 1024px\" src=\"data:image\/gif;base64,R0lGODlhAQABAAAAACH5BAEKAAEALAAAAAABAAEAAAICTAEAOw==\" style=\"--smush-placeholder-width: 1024px; --smush-placeholder-aspect-ratio: 1024\/576;\" \/><\/figure>\n<\/div>\n\n\n<h2 class=\"wp-block-heading\"><strong>Tu piel necesita un reset de primavera (y tu rutina de <\/strong><strong>skincare <\/strong><strong>no puede hacerlo sola)<\/strong><\/h2>\n\n\n\n<p>\u00bfPodemos reconocer lo que el invierno le hace realmente a una cara? La calefacci\u00f3n que funciona sin parar y reseca todo a su paso. El viento fr\u00edo que no tiene ning\u00fan respeto por tu barrera cut\u00e1nea. Ese mood gris\u00e1ceo que no solo existe fuera de la ventana, sino que, de alguna manera, se instala directamente en tu tez. Para cuando llega la primavera, la mayor\u00eda estamos en alg\u00fan punto entre \u201cun poco apagada\u201d y \u201cpr\u00e1cticamente irreconocible\u201d. Deshidrataci\u00f3n. Poros obstruidos. Textura irregular. La sensaci\u00f3n general de que tu piel present\u00f3 su dimisi\u00f3n hace meses y no ha vuelto a dar se\u00f1ales de vida.<\/p>\n\n\n\n<p>Y aqu\u00ed viene lo que tu s\u00e9rum de 80 euros esperaba que nunca descubrieras: tiene l\u00edmites, no puede con todo. Los s\u00e9rums son maravillosos. Las cremas hidratantes son esenciales. No estamos aqu\u00ed para cancelar tu rutina. Pero los tratamientos profesionales act\u00faan a un nivel completamente distinto<strong>:<\/strong> a nivel d\u00e9rmico, donde el col\u00e1geno realmente vive, donde los poros se limpian de verdad, donde se produce ese tipo de renovaci\u00f3n celular que ninguna doble limpieza, por impecable que sea, puede replicar. \u00a1Lo sentimos! \u00a1Es ciencia!<\/p>\n\n\n\n<p>La primavera, eso s\u00ed, es realmente el momento de invertir en tu piel. Los rayos UV son m\u00e1s suaves, lo que significa menos riesgo despu\u00e9s del tratamiento. El sistema natural de reparaci\u00f3n de tu piel est\u00e1 despertando del letargo invernal. Y a nivel pr\u00e1ctico, tienes tiempo suficiente para ver resultados reales antes de que llegue el verano y todo el mundo quiera saber qu\u00e9 has hecho diferente. T\u00fa no digas nada. Deja que te lo pregunten.<\/p>\n\n\n\n<p>Hemos seleccionado los 11 tratamientos faciales de primavera m\u00e1s efectivos, cada uno pensado para trabajar en algo concreto y real. Hidrataci\u00f3n profunda, luminosidad, textura m\u00e1s uniforme, contornos m\u00e1s definidos. Sea lo que fuere por lo que tu piel haya sufrido este invierno, hay algo que merece la pena reservar en <a href=\"https:\/\/www.treatwell.es\/\">Treatwell<\/a>.<\/p>\n\n\n\n<h2 class=\"wp-block-heading\"><strong>El Reset: hidrataci\u00f3n profunda y reparaci\u00f3n (para cuando tu piel tiene sed de verdad)<\/strong><\/h2>\n\n\n\n<p>\u00bfPiel tirante, apagada, eternamente deshidratada? Empieza por aqu\u00ed. Estos tratamientos restauran la hidrataci\u00f3n a nivel celular, calman la inflamaci\u00f3n que se ha ido acumulando en silencio durante todo el invierno y le dan a tu piel la base que necesita antes de que cualquier otro tratamiento pueda funcionar de verdad. Piensa en ello como el punto de partida. Lo que haces antes de hacer todo lo dem\u00e1s.<\/p>\n\n\n\n<h3 class=\"wp-block-heading\"><strong>Hydrafacial<\/strong><\/h3>\n\n\n<div class=\"wp-block-image\">\n<figure class=\"aligncenter size-large\"><img decoding=\"async\" width=\"574\" height=\"1024\" data-src=\"https:\/\/www.treatwell.es/in-the-glow\/wp-content\/uploads\/sites\/10\/2026\/03\/Hydrafacial-beautyandlux-574x1024.png\" alt=\"Hydrafacial, IG @beautyandlux | Treatwell\" class=\"wp-image-32989 lazyload\" data-srcset=\"https:\/\/www.treatwell.es/in-the-glow\/wp-content\/uploads\/sites\/10\/2026\/03\/Hydrafacial-beautyandlux-574x1024.png 574w, https:\/\/www.treatwell.es/in-the-glow\/wp-content\/uploads\/sites\/10\/2026\/03\/Hydrafacial-beautyandlux-168x300.png 168w, https:\/\/www.treatwell.es/in-the-glow\/wp-content\/uploads\/sites\/10\/2026\/03\/Hydrafacial-beautyandlux.png 610w\" data-sizes=\"(max-width: 574px) 100vw, 574px\" src=\"data:image\/gif;base64,R0lGODlhAQABAAAAACH5BAEKAAEALAAAAAABAAEAAAICTAEAOw==\" style=\"--smush-placeholder-width: 574px; --smush-placeholder-aspect-ratio: 574\/1024;\" \/><figcaption class=\"wp-element-caption\">@beautyandlux<\/figcaption><\/figure>\n<\/div>\n\n\n<p>Si solo vas a hacerte un tratamiento esta primavera, que sea un Hydrafacial. Es el est\u00e1ndar de oro de los tratamientos de reinicio y se ha ganado esa reputaci\u00f3n a base de resultados: una sola sesi\u00f3n de varios pasos que limpia, exfolia, extrae e hidrata en una \u00fanica cita. La tecnolog\u00eda v\u00f3rtex patentada limpia tus poros mientras los antioxidantes, p\u00e9ptidos y \u00e1cido hialur\u00f3nico se infunden en tu piel simult\u00e1neamente. Hace varias cosas a la vez y se le dan todas genial.<\/p>\n\n\n\n<p>\u00bfQu\u00e9 es lo que convierte a la gente en aut\u00e9nticos fan\u00e1ticos de este tratamiento? El nulo tiempo de recuperaci\u00f3n. Lo reservas en la pausa del martes, vuelves a tu reuni\u00f3n de las 15:00 con pinta de haber vuelto de un sitio con una luz incre\u00edble y cero preocupaciones. Sin esconderte. Sin tener que \u201cdarle unos d\u00edas\u201d. Es inmediato. Funciona en todo tipo de pieles, personalizable con boosters para pigmentaci\u00f3n, poros o l\u00edneas finas. El tratamiento facial m\u00e1s reservado est\u00e9tica profesional, a\u00f1o tras a\u00f1o. No es casualidad.<\/p>\n\n\n\n<p><strong>Ideal para: <\/strong>pieles deshidratadas, apagadas, con poros obstruidos y para cualquiera que se haya mirado al espejo a las ocho de la ma\u00f1ana y haya pensado: \u2018\u2019hoy no\u2018\u2019. Cero recuperaci\u00f3n, resultados inmediatos.<\/p>\n\n\n\n<p><a href=\"https:\/\/www.treatwell.es\/establecimientos\/tratamiento-hidratacion-facial\/oferta-tipo-local\/\"><strong>Reserva tu Hydrafacial<\/strong><\/a><\/p>\n\n\n\n<h3 class=\"wp-block-heading\"><strong>Tratamiento facial PDRN<\/strong><\/h3>\n\n\n\n<p>El PDRN, conocido cient\u00edficamente como <em>Polidesoxirribonucle\u00f3tido<\/em>, (si usas el t\u00e9rmino, se har\u00e1 el silencio en cualquier conversaci\u00f3n), se deriva del ADN purificado del salm\u00f3n. S\u00ed, del salm\u00f3n. La ciencia funciona as\u00ed. Act\u00faa a nivel celular estimulando los fibroblastos, las c\u00e9lulas responsables de producir col\u00e1geno y elastina. B\u00e1sicamente, le env\u00eda a tu piel un mensaje muy directo diciendo \u201crep\u00e1rate\u201d, y tu piel, bendita sea, responde.<\/p>\n\n\n\n<p>A diferencia de los tratamientos que rellenan desde el exterior, el PDRN activa tu propia biolog\u00eda. Los resultados se construyen a lo largo de tres o cuatro sesiones : mejor hidrataci\u00f3n, textura m\u00e1s uniforme, l\u00edneas finas m\u00e1s suavizadas, un cutis que se ve genuinamente m\u00e1s calmado y luminoso. Este tipo de tratamiento regenerativo est\u00e1 ganando terreno en Espa\u00f1a, en l\u00ednea con la filosof\u00eda de la \u201cbelleza real\u201d que est\u00e1 redefiniendo la est\u00e9tica en 2026: menos transformar, m\u00e1s regenerar. Cualquiera que est\u00e9 lidiando con sensibilidad post-invernal, primeros signos de la edad o esa fatiga que simplemente parece vivir en la piel notar\u00e1 la diferencia. \u00bfEse brillo tipo glass skin del que todo el mundo habla? Aparece alrededor de la segunda sesi\u00f3n.<\/p>\n\n\n\n<p><strong>Ideal para: <\/strong>primeros signos de envejecimiento, sensibilidad, piel apagada, piel que parece cansada antes que t\u00fa. Para quien quiere resultados que se construyen de forma progresiva y duran.<\/p>\n\n\n\n<p><a href=\"https:\/\/www.treatwell.es\/establecimientos\/servicios-grupo-facial\/oferta-tipo-local\/\"><strong>Reserva tu tratamiento facial<\/strong><\/a><\/p>\n\n\n\n<h3 class=\"wp-block-heading\"><strong>Drenaje linf\u00e1tico facial<\/strong><\/h3>\n\n\n<div class=\"wp-block-image\">\n<figure class=\"aligncenter size-full\"><img decoding=\"async\" width=\"610\" height=\"823\" data-src=\"https:\/\/www.treatwell.es/in-the-glow\/wp-content\/uploads\/sites\/10\/2026\/03\/Lympathic-drainage-facial.png\" alt=\"Drenaje linf\u00e1tico facial | Treatwell\" class=\"wp-image-32990 lazyload\" data-srcset=\"https:\/\/www.treatwell.es/in-the-glow\/wp-content\/uploads\/sites\/10\/2026\/03\/Lympathic-drainage-facial.png 610w, https:\/\/www.treatwell.es/in-the-glow\/wp-content\/uploads\/sites\/10\/2026\/03\/Lympathic-drainage-facial-222x300.png 222w\" data-sizes=\"(max-width: 610px) 100vw, 610px\" src=\"data:image\/gif;base64,R0lGODlhAQABAAAAACH5BAEKAAEALAAAAAABAAEAAAICTAEAOw==\" style=\"--smush-placeholder-width: 610px; --smush-placeholder-aspect-ratio: 610\/823;\" \/><figcaption class=\"wp-element-caption\">@treatwell<\/figcaption><\/figure>\n<\/div>\n\n\n<p>El drenaje linf\u00e1tico ha pasado oficialmente de \u201ccosa nicho de wellness que tu amiga m\u00e1s health-conscious mencion\u00f3 una vez\u201d a \u201ctratamiento que predican los dermat\u00f3logos, esteticistas y esa persona con unos p\u00f3mulos inexplicablemente extraordinarios\u201d.<\/p>\n\n\n\n<p>Se trata de t\u00e9cnicas de masaje suave y movimientos especializados que estimulan el sistema linf\u00e1tico para eliminar toxinas, reducir la hinchaz\u00f3n y reactivar la circulaci\u00f3n. El efecto es inmediato y casi indignante: entras con cara de febrero, pero sales con pinta de haber vuelto de un sitio con buen clima y cero emails. Despu\u00e9s del invierno, cuando la retenci\u00f3n de l\u00edquidos y la circulaci\u00f3n lenta llevan meses reorganiz\u00e1ndote la cara en silencio, este es el reset que todo tu sistema estaba esperando. Y s\u00ed, puedes usar el rodillo de jade en casa. Te apoyamos. Pero un drenaje linf\u00e1tico profesional act\u00faa en otro nivel completamente distinto. Muchos profesionales a\u00f1aden terapia LED o una mascarilla hidratante para resultados que rozan lo absurdo.<\/p>\n\n\n\n<p><strong>Ideal para: <\/strong>hinchaz\u00f3n, retenci\u00f3n de l\u00edquidos, piel apagada y estresada. Es el tratamiento que hay que reservar primero, antes que todo lo dem\u00e1s, porque hace que todo lo que venga despu\u00e9s funcione mejor.<\/p>\n\n\n\n<p><a href=\"https:\/\/www.treatwell.es\/establecimientos\/tratamiento-drenaje-linfatico\/oferta-tipo-local\/\"><strong>Reserva tu masaje facial<\/strong><\/a><\/p>\n\n\n\n<h2 class=\"wp-block-heading\"><strong>La Luminosidad: actuar sobre <\/strong><strong>el <\/strong><strong>tono, <\/strong><strong>las <\/strong><strong>marcas y <\/strong><strong>recuperar<\/strong><strong> el brillo que tu piel te debe<\/strong><\/h2>\n\n\n\n<p>Si tu queja principal es que tu piel parece cansada cuando t\u00fa no lo est\u00e1s en absoluto, o de alguna manera se ha adelantado diez a\u00f1os, o simplemente est\u00e1 menos viva de lo que sol\u00eda, esta es tu secci\u00f3n. Estos tratamientos van directos a por la opacidad, el tono irregular, el da\u00f1o solar y la pigmentaci\u00f3n, es decir, la evidencia acumulada de todo lo que los rayos UV, el estr\u00e9s y el tiempo le han estado haciendo a tu cara sin pedir permiso. Es hora de actuar.<\/p>\n\n\n\n<h3 class=\"wp-block-heading\"><strong>Fotorejuvenecimiento (IPL)<\/strong><\/h3>\n\n\n<div class=\"wp-block-image\">\n<figure class=\"aligncenter size-full\"><img decoding=\"async\" width=\"600\" height=\"948\" data-src=\"https:\/\/www.treatwell.es/in-the-glow\/wp-content\/uploads\/sites\/10\/2026\/03\/Photo-facial-rejuvenation-IPL-sadaf_jaffari.png\" alt=\"Fotorejuvenecimiento (IPL), IG @sadaf_jaffari | Treatwell\" class=\"wp-image-32991 lazyload\" data-srcset=\"https:\/\/www.treatwell.es/in-the-glow\/wp-content\/uploads\/sites\/10\/2026\/03\/Photo-facial-rejuvenation-IPL-sadaf_jaffari.png 600w, https:\/\/www.treatwell.es/in-the-glow\/wp-content\/uploads\/sites\/10\/2026\/03\/Photo-facial-rejuvenation-IPL-sadaf_jaffari-190x300.png 190w\" data-sizes=\"(max-width: 600px) 100vw, 600px\" src=\"data:image\/gif;base64,R0lGODlhAQABAAAAACH5BAEKAAEALAAAAAABAAEAAAICTAEAOw==\" style=\"--smush-placeholder-width: 600px; --smush-placeholder-aspect-ratio: 600\/948;\" \/><figcaption class=\"wp-element-caption\">@sadaf_jaffari<\/figcaption><\/figure>\n<\/div>\n\n\n<p>El IPL (Intense Pulsed Light) es el tratamiento que reservas cuando has dicho basta a las manchas solares, el enrojecimiento y ese tono irregular que ning\u00fan fondo de maquillaje disimula de forma convincente. Los pulsos de luz de amplio espectro penetran en la piel, son absorbidos por el pigmento de las manchas oscuras y por la hemoglobina de los vasos visibles, y esas c\u00e9lulas diana se fragmentan y el cuerpo las elimina en las semanas siguientes. La ciencia es extremadamente satisfactoria. Los resultados, a\u00fan m\u00e1s.<\/p>\n\n\n\n<p>Tono m\u00e1s uniforme. Rojeces reducidas. Manchas solares atenuadas. Una luminosidad general que la gente notar\u00e1 y sobre la que te preguntar\u00e1n sin duda. No es un facial en el sentido tradicional \u2013 nada de masaje ni mascarilla \u2013 pero el impacto en la calidad de la piel es significativo y mejora visiblemente a lo largo de dos o tres sesiones. La primavera es realmente el mejor momento para empezar: los UV m\u00e1s bajos significan menos riesgo de hiperpigmentaci\u00f3n post-tratamiento. Por una vez, el calendario est\u00e1 de tu parte.<\/p>\n\n\n\n<p><strong>Ideal para: <\/strong>da\u00f1o solar, pigmentaci\u00f3n, ros\u00e1cea, rojeces, tono irregular, b\u00e1sicamente todo lo que el invierno y toda una vida de vacaciones al sol han ido dejando. Empieza en primavera, brilla en verano.<\/p>\n\n\n\n<p><a href=\"https:\/\/www.treatwell.es\/establecimientos\/tratamiento-fotorejuvenecimiento-facial\/oferta-tipo-local\/\"><strong>Reserva tu tratamiento facial<\/strong><\/a><\/p>\n\n\n\n<h3 class=\"wp-block-heading\"><strong>Tratamiento facial con c\u00e9lulas madre<\/strong><\/h3>\n\n\n\n<p>Esto es lo que nadie explica bien sobre los faciales con c\u00e9lulas madre: no a\u00f1aden nada extra\u00f1o a tu piel. Le recuerdan a tu piel lo que ya sabe hacer. Se trata de factores de crecimiento de origen vegetal o biotecnol\u00f3gico que aceleran el sistema de reparaci\u00f3n natural de tu piel (producci\u00f3n de col\u00e1geno, elasticidad, renovaci\u00f3n celular) a un ritmo que tu cutis no ve\u00eda desde antes de que la vida se complicara. Fuera las c\u00e9lulas apagadas y da\u00f1adas que llevan el mando desde octubre. Dentro las frescas y luminosas que esperaban pacientemente debajo.<\/p>\n\n\n\n<p>La luminosidad viene de ah\u00ed. Es tu piel renov\u00e1ndose realmente desde dentro, no un brillo superficial que desaparece el martes. El tratamiento es especialmente efectivo despu\u00e9s de un invierno duro; tu piel est\u00e1 deshidratada, aparecen los primeros signos de pigmentaci\u00f3n, y carente de esa vitalidad que antes estaba ah\u00ed sin ning\u00fan esfuerzo. El tratamiento de c\u00e9lulas madre es suficientemente avanzado para dar resultados reales y suficientemente relajante para no requerir ning\u00fan tiempo de recuperaci\u00f3n. \u00bfY sinceramente? El antes y despu\u00e9s es de esos que hacen pensar a la gente que has cambiado algo en tu estilo de vida, no que simplemente has reservado una cita.<\/p>\n\n\n\n<p><strong>Ideal para: <\/strong>pieles apagadas y castigadas por el invierno que necesitan recordar de lo que son capaces. Para quien quiera recuperar su brillo sin drama, sin espera y sin dar explicaciones.<\/p>\n\n\n\n<p><a href=\"https:\/\/www.treatwell.es\/establecimientos\/servicios-grupo-facial\/oferta-tipo-local\/\"><strong>Reserva tu tratamiento facial<\/strong><\/a><\/p>\n\n\n\n<h2 class=\"wp-block-heading\"><strong>Limpieza Profunda: renovar la superficie para una piel que por fin coopera<\/strong><\/h2>\n\n\n\n<p>Poros obstruidos, textura rugosa, marcas de acn\u00e9, piel que simplemente no quiere colaborar: esta es tu secci\u00f3n. Estos tratamientos trabajan sobre la estructura superficial de tu piel a trav\u00e9s de exfoliaci\u00f3n controlada y estimulaci\u00f3n del col\u00e1geno. Los resultados estaban ah\u00ed debajo todo el tiempo. Solo necesitaban el tratamiento adecuado para salir a la luz.<\/p>\n\n\n\n<h3 class=\"wp-block-heading\"><strong>Microneedling<\/strong><\/h3>\n\n\n<div class=\"wp-block-image\">\n<figure class=\"aligncenter size-large\"><img decoding=\"async\" width=\"768\" height=\"1024\" data-src=\"https:\/\/www.treatwell.es/in-the-glow\/wp-content\/uploads\/sites\/10\/2026\/03\/Microneedling-skinkind-768x1024.png\" alt=\"Microneedling, IG @_skinkind | Treatwell\" class=\"wp-image-32992 lazyload\" data-srcset=\"https:\/\/www.treatwell.es/in-the-glow\/wp-content\/uploads\/sites\/10\/2026\/03\/Microneedling-skinkind-768x1024.png 768w, https:\/\/www.treatwell.es/in-the-glow\/wp-content\/uploads\/sites\/10\/2026\/03\/Microneedling-skinkind-225x300.png 225w, https:\/\/www.treatwell.es/in-the-glow\/wp-content\/uploads\/sites\/10\/2026\/03\/Microneedling-skinkind.png 789w\" data-sizes=\"(max-width: 768px) 100vw, 768px\" src=\"data:image\/gif;base64,R0lGODlhAQABAAAAACH5BAEKAAEALAAAAAABAAEAAAICTAEAOw==\" style=\"--smush-placeholder-width: 768px; --smush-placeholder-aspect-ratio: 768\/1024;\" \/><figcaption class=\"wp-element-caption\">@_skinkind<\/figcaption><\/figure>\n<\/div>\n\n\n<p>Microneedling = peque\u00f1as agujas est\u00e9riles = microlesiones controladas. Sabemos exactamente c\u00f3mo suena y necesitamos que conf\u00edes en nosotros de todas formas, porque los resultados son genuinamente transformadores y la ciencia que hay detr\u00e1s es casi irritantemente elegante.<\/p>\n\n\n\n<p>Esos microcanales enga\u00f1an a tu piel haci\u00e9ndole creer que necesita repararse y tu piel, muy obedientemente, se repara con m\u00e1s intensidad de la que lo har\u00eda por s\u00ed sola. La producci\u00f3n de col\u00e1geno y elastina aumenta. Los principios activos penetran m\u00e1s profundamente de lo normal. El resultado, a lo largo de un ciclo de sesiones, es real y visible: poros m\u00e1s reducidos, textura m\u00e1s suave, marcas de acn\u00e9 atenuadas, mayor firmeza. Siendo uno de los tratamientos m\u00e1s investigados en dermatolog\u00eda est\u00e9tica, en Espa\u00f1a, el Dermapen se ha convertido en referencia para este tipo de tratamiento. Efectivo en pr\u00e1cticamente todos los tipos y tonos de piel. Ver\u00e1s un leve enrojecimiento durante 24-48 horas (sensaci\u00f3n de ligera quemadura solar, nada dram\u00e1tico) y los mejores resultados aparecer\u00e1n alrededor del tercer mes tras un ciclo de tres a seis sesiones.<\/p>\n\n\n\n<p><strong>Ideal para: <\/strong>marcas de acn\u00e9, poros dilatados, textura rugosa, l\u00edneas finas y para cualquiera a quien le hayan dicho \u201cusa protector solar y espera\u201d durante a\u00f1os y haya decidido que ya est\u00e1 bien de ese consejo.<\/p>\n\n\n\n<p><a href=\"https:\/\/www.treatwell.es\/establecimientos\/tratamiento-microneedling\/oferta-tipo-local\/\"><strong>Reserva tu sesi\u00f3n de microneedling<\/strong><\/a><\/p>\n\n\n\n<h3 class=\"wp-block-heading\"><strong>Peeling de vitamina C<\/strong><\/h3>\n\n\n<div class=\"wp-block-image\">\n<figure class=\"aligncenter size-large\"><img decoding=\"async\" width=\"621\" height=\"1024\" data-src=\"https:\/\/www.treatwell.es/in-the-glow\/wp-content\/uploads\/sites\/10\/2026\/03\/Vitamin-C-peel-skincarebyjoanne-621x1024.png\" alt=\"Peeling de vitamina C, IG @skincarebyjoanne | Treatwell\" class=\"wp-image-32993 lazyload\" data-srcset=\"https:\/\/www.treatwell.es/in-the-glow\/wp-content\/uploads\/sites\/10\/2026\/03\/Vitamin-C-peel-skincarebyjoanne-621x1024.png 621w, https:\/\/www.treatwell.es/in-the-glow\/wp-content\/uploads\/sites\/10\/2026\/03\/Vitamin-C-peel-skincarebyjoanne-182x300.png 182w, https:\/\/www.treatwell.es/in-the-glow\/wp-content\/uploads\/sites\/10\/2026\/03\/Vitamin-C-peel-skincarebyjoanne.png 666w\" data-sizes=\"(max-width: 621px) 100vw, 621px\" src=\"data:image\/gif;base64,R0lGODlhAQABAAAAACH5BAEKAAEALAAAAAABAAEAAAICTAEAOw==\" style=\"--smush-placeholder-width: 621px; --smush-placeholder-aspect-ratio: 621\/1024;\" \/><figcaption class=\"wp-element-caption\">@skincarebyjoanne<\/figcaption><\/figure>\n<\/div>\n\n\n<p>Los peelings qu\u00edmicos tienen una reputaci\u00f3n que hace que mucha gente perfectamente sensata cierre la pesta\u00f1a inmediatamente. El peeling de vitamina C es el que les hace volver. Usa \u00e1cido asc\u00f3rbico concentrado para disolver los enlaces que retienen las c\u00e9lulas muertas en la superficie, revelando lo que hab\u00eda debajo todo el tiempo \u2013 piel m\u00e1s luminosa, m\u00e1s sana, m\u00e1s radiante \u2013 mientras al mismo tiempo proporciona una potente dosis de antioxidantes. Dos trabajos a la vez sin quejarse de ninguno.<\/p>\n\n\n\n<p>Lo que lo diferencia de las opciones con \u00e1cido glic\u00f3lico o salic\u00edlico es que renueva y da luminosidad en un solo tratamiento. Piel post-invernal apagada, primeros da\u00f1os solares, tono irregular: este peeling se ocupa de todo sin pedirte que canceles la semana. Tiempo de recuperaci\u00f3n m\u00ednimo; solo una ligera descamaci\u00f3n durante un d\u00eda o dos como mucho. Los UV m\u00e1s bajos de la primavera hacen que la recuperaci\u00f3n sea realmente sencilla. Piel nueva, exposici\u00f3n solar reducida de inmediato. El timing pr\u00e1cticamente hace la mitad del trabajo por ti.<\/p>\n\n\n\n<p><strong>Ideal para: <\/strong>piel sin brillo, tono irregular, poros obstruidos, l\u00edneas finas y para cualquiera que lleve aplazando \u201chacer algo por su piel\u201d m\u00e1s o menos desde octubre. Este es el punto de partida.<\/p>\n\n\n\n<p><a href=\"https:\/\/www.treatwell.es\/establecimientos\/tratamiento-peeling-facial\/oferta-tipo-local\/\"><strong>Reserva tu peeling qu\u00edmico<\/strong><\/a><\/p>\n\n\n\n<h2 class=\"wp-block-heading\"><strong>El Lifting: tecnolog\u00eda de \u00faltima generaci\u00f3n (para cuando la gravedad empieza a opinar)<\/strong><\/h2>\n\n\n\n<p>Estos son los tratamientos para lo que ocurre bajo la superficie: tono muscular, laxitud cut\u00e1nea, arquitectura del col\u00e1geno, esas cosas estructurales que cambian silenciosamente con el tiempo. Si la gravedad ha empezado a tener opiniones concretas sobre tu l\u00ednea mandibular, o tu piel ha dejado de recuperarse con el entusiasmo de hace unos a\u00f1os, aqu\u00ed es donde miras. Sin cirug\u00eda. Sin parones significativos. Solo tecnolog\u00eda que es, francamente, un poco milagrosa.<\/p>\n\n\n\n<h3 class=\"wp-block-heading\"><strong>Tratamiento facial CACI<\/strong><\/h3>\n\n\n\n<p>El CACI (Computer Aided Cosmetology Instrument) lleva m\u00e1s de 20 a\u00f1os como pilar de la est\u00e9tica profesional, y hay una raz\u00f3n por la que se conoce como el \u201clifting sin cirug\u00eda\u201d. El tratamiento usa tecnolog\u00eda de microcorrientes para enviar peque\u00f1os impulsos el\u00e9ctricos a trav\u00e9s de la piel, levantando y tonificando los 32 m\u00fasculos faciales de la misma forma que un entrenamiento en el gimnasio tonifica tu cuerpo.<\/p>\n\n\n\n<p>La magia es acumulativa: despu\u00e9s de un ciclo de 10 a 15 sesiones, los contornos faciales est\u00e1n m\u00e1s definidos, la flacidez se reduce y toda la cara simplemente se coloca de otra forma. M\u00e1s firme. M\u00e1s elevada. M\u00e1s parecida a como era antes. Las sesiones individuales tambi\u00e9n aportan un brillo inmediato y un sutil efecto lifting, lo que hace que el CACI sea extremadamente popular antes de eventos donde quieres parecer t\u00fa misma pero visiblemente mejor. Totalmente indoloro, la mayor\u00eda de la gente siente como m\u00e1ximo un ligero cosquilleo. Fisioterapia para tu cara, y sinceramente, cada sesi\u00f3n merece la pena.<\/p>\n\n\n\n<p><strong>Ideal para: <\/strong>p\u00e9rdida de definici\u00f3n facial, flacidez, l\u00edneas finas y para cualquiera que se haya visto reflejada desde cierto \u00e1ngulo \u00faltimamente y haya tenido algunos pensamientos al respecto. El lifting gradual y natural que no se nota.<\/p>\n\n\n\n<p><a href=\"https:\/\/www.treatwell.es\/establecimientos\/tratamiento-tratamiento-facial-caci\/oferta-tipo-local\/\"><strong>Reserva tu tratamiento CACI<\/strong><\/a><\/p>\n\n\n\n<h3 class=\"wp-block-heading\"><strong>Radiofrecuencia facial<\/strong><\/h3>\n\n\n<div class=\"wp-block-image\">\n<figure class=\"aligncenter size-full\"><img decoding=\"async\" width=\"600\" height=\"922\" data-src=\"https:\/\/www.treatwell.es/in-the-glow\/wp-content\/uploads\/sites\/10\/2026\/03\/Radiofrequency-facial-sadaf_jaffari.png\" alt=\"Radiofrecuencia facial, IG @sadaf_jaffari | Treatwell\" class=\"wp-image-32996 lazyload\" data-srcset=\"https:\/\/www.treatwell.es/in-the-glow\/wp-content\/uploads\/sites\/10\/2026\/03\/Radiofrequency-facial-sadaf_jaffari.png 600w, https:\/\/www.treatwell.es/in-the-glow\/wp-content\/uploads\/sites\/10\/2026\/03\/Radiofrequency-facial-sadaf_jaffari-195x300.png 195w\" data-sizes=\"(max-width: 600px) 100vw, 600px\" src=\"data:image\/gif;base64,R0lGODlhAQABAAAAACH5BAEKAAEALAAAAAABAAEAAAICTAEAOw==\" style=\"--smush-placeholder-width: 600px; --smush-placeholder-aspect-ratio: 600\/922;\" \/><figcaption class=\"wp-element-caption\">@sadaf_jaffari<\/figcaption><\/figure>\n<\/div>\n\n\n<p>Los tratamientos faciales de radiofrecuencia utilizan energ\u00eda electromagn\u00e9tica para calentar las capas m\u00e1s profundas de tu piel, lo que hace que las fibras de col\u00e1geno y elastina se contraigan, regeneren y vayan tensando todo progresivamente con el tiempo. La experiencia la describe la mayor\u00eda como un masaje c\u00e1lido, lo que significa que est\u00e1s recibiendo un trabajo estructural real sobre el col\u00e1geno mientras sientes que est\u00e1s en un spa. Queremos reconocer oficialmente lo buen trato que es eso.<\/p>\n\n\n\n<p>Los resultados se construyen a lo largo de cuatro a ocho sesiones y siguen mejorando durante semanas despu\u00e9s de la \u00faltima cita a medida que se forma nuevo col\u00e1geno. Especialmente efectiva para la parte inferior de la cara y la l\u00ednea mandibular, que suelen ser los primeros sitios donde la laxitud decide hacerse notar. No invasiva, cero tiempo de recuperaci\u00f3n, completamente acumulativa. El tipo de tratamiento en el que, tres meses despu\u00e9s, te miras en un buen espejo y piensas, \u201c<em>Ah<\/em><em>,<\/em><em> eso es lo que estaba haciendo\u201d<\/em>.<\/p>\n\n\n\n<p><strong>Ideal para: <\/strong>laxitud cut\u00e1nea, p\u00e9rdida de firmeza, definici\u00f3n de la l\u00ednea mandibular, arrugas y para quien quiere resultados que se construyen lentamente, parecen completamente naturales y no delatan nada.<\/p>\n\n\n\n<p><a href=\"https:\/\/www.treatwell.es\/establecimientos\/tratamiento-radiofrecuencia-facial\/oferta-tipo-local\/\"><strong>Reserva tu tratamiento de radiofrecuencia<\/strong><\/a><\/p>\n\n\n\n<h3 class=\"wp-block-heading\"><strong>Tratamiento facial INDIBA<\/strong><\/h3>\n\n\n\n<p>INDIBA lleva la radiofrecuencia a otro nivel. Opera a una frecuencia precisa de 448 kHz que genera efectos tanto t\u00e9rmicos como subt\u00e9rmicos en la piel al mismo tiempo, lo que significa que trabaja en m\u00faltiples capas de tejido simult\u00e1neamente, no se limita a calentar la superficie y dar el tema por cerrado. La parte t\u00e9rmica se encarga de estimular col\u00e1geno y elastina. La subt\u00e9rmica potencia el metabolismo celular, mejora la circulaci\u00f3n y activa los fibroblastos sin necesidad siquiera de elevar la temperatura del tejido. Est\u00e1, en el sentido m\u00e1s literal, haciendo el doble de trabajo.<\/p>\n\n\n\n<p>Los resultados lo reflejan: piel m\u00e1s firme, arrugas reducidas, contornos mejorados, un efecto lifting que a menudo es visible desde la primera sesi\u00f3n. Y como no da\u00f1a las c\u00e9lulas en ning\u00fan momento, no hay tiempo de recuperaci\u00f3n, por lo que se puede repetir tantas veces como quieras y los efectos secundarios son literalmente cero. Respaldado por investigaci\u00f3n cl\u00ednica de renombre, el INDIBA, una tecnolog\u00eda nacida en Espa\u00f1a, es referencia internacional en este campo. C\u00f3modo e indoloro de principio a fin. El tipo de tratamiento que te hace preguntarte por qu\u00e9 no est\u00e1n todos haciendo esto.<\/p>\n\n\n\n<p><strong>Ideal para: <\/strong>arrugas, laxitud cut\u00e1nea, p\u00e9rdida de definici\u00f3n, bolsas bajo los ojos y para quien quiere la tecnolog\u00eda m\u00e1s avanzada en el tratamiento m\u00e1s c\u00f3modo posible. El tratamiento que m\u00e1s rinde de la categor\u00eda sculpting.<\/p>\n\n\n\n<p><a href=\"https:\/\/www.treatwell.es\/establecimientos\/servicios-grupo-facial\/oferta-tipo-local\/\"><strong>Reserva tu tratamiento facial<\/strong><\/a><\/p>\n\n\n\n<h3 class=\"wp-block-heading\"><strong>Tratamiento facial HIFU<\/strong><\/h3>\n\n\n\n<p>El HIFU (High-Intensity Focused Ultrasound) es el lifting de la hora de comer y se ha ganado ese t\u00edtulo con creces. La energ\u00eda de ultrasonidos focalizados viaja hasta las capas estructurales m\u00e1s profundas de la piel, alcanzando el SMAS \u2013 el Sistema M\u00fasculo-Aponeurotico Superficial \u2013 que es exactamente la capa de tejido sobre la que trabajan los cirujanos durante un lifting tradicional. El HIFU llega ah\u00ed sin una sola incisi\u00f3n: puntos t\u00e9rmicos precisos creados bajo la superficie desencadenan una intensa respuesta de reconstrucci\u00f3n de col\u00e1geno, mientras la piel exterior queda completamente intacta. La ciencia detr\u00e1s es, francamente, extraordinaria.<\/p>\n\n\n\n<p>Los resultados se desarrollan a lo largo de dos o tres meses, con el efecto completo alrededor del tercer mes: piel m\u00e1s firme, flacidez reducida en mand\u00edbula y cuello, zona de las cejas m\u00e1s elevada, textura general m\u00e1s suave. La mayor\u00eda de las personas solo necesitan una sesi\u00f3n, con resultados que duran hasta dos a\u00f1os. No es el tratamiento m\u00e1s suave de esta lista, ya que sentir\u00e1s calor y hormigueo durante la sesi\u00f3n, m\u00e1s intenso en la zona mandibular, pero para un lifting no quir\u00fargico, nada se acerca m\u00e1s. Este es el que reservas cuando has decidido ir en serio.<\/p>\n\n\n\n<p><strong>Ideal para: <\/strong>flacidez, papada, laxitud del cuello, p\u00e9rdida de definici\u00f3n mandibular y para cualquiera que haya googleado \u201clifting facial\u201d al menos una vez y despu\u00e9s haya cerrado la pesta\u00f1a inmediatamente. Esto es lo que realmente estabas buscando.<\/p>\n\n\n\n<p><a href=\"https:\/\/www.treatwell.es\/establecimientos\/tratamiento-hifu-facial\/oferta-tipo-local\/\"><strong>Reserva tu tratamiento HIFU<\/strong><\/a><\/p>\n\n\n\n<h2 class=\"wp-block-heading\"><strong>La gu\u00eda r\u00e1pida: c\u00f3mo encontrar tu tratamiento<\/strong><\/h2>\n\n\n<div class=\"wp-block-image\">\n<figure class=\"aligncenter size-large\"><img decoding=\"async\" width=\"621\" height=\"1024\" data-src=\"https:\/\/www.treatwell.es/in-the-glow\/wp-content\/uploads\/sites\/10\/2026\/03\/Deep-cleansing-tayloredbeauty.il_-621x1024.png\" alt=\"Deep cleansing, IG @tayloredbeauty.il | Treatwell\" class=\"wp-image-32995 lazyload\" data-srcset=\"https:\/\/www.treatwell.es/in-the-glow\/wp-content\/uploads\/sites\/10\/2026\/03\/Deep-cleansing-tayloredbeauty.il_-621x1024.png 621w, https:\/\/www.treatwell.es/in-the-glow\/wp-content\/uploads\/sites\/10\/2026\/03\/Deep-cleansing-tayloredbeauty.il_-182x300.png 182w, https:\/\/www.treatwell.es/in-the-glow\/wp-content\/uploads\/sites\/10\/2026\/03\/Deep-cleansing-tayloredbeauty.il_.png 670w\" data-sizes=\"(max-width: 621px) 100vw, 621px\" src=\"data:image\/gif;base64,R0lGODlhAQABAAAAACH5BAEKAAEALAAAAAABAAEAAAICTAEAOw==\" style=\"--smush-placeholder-width: 621px; --smush-placeholder-aspect-ratio: 621\/1024;\" \/><figcaption class=\"wp-element-caption\">@tayloredbeauty.il<\/figcaption><\/figure>\n<\/div>\n\n\n<p>Con 11 tratamientos entre los que elegir, ayuda empezar por tu preocupaci\u00f3n principal. Aqu\u00ed tienes una br\u00fajula:<\/p>\n\n\n\n<ul class=\"wp-block-list\">\n<li><strong>Piel seca, apagada y sin vida: <\/strong>empieza con un Hydrafacial o un tratamiento PDRN. Recupera la hidrataci\u00f3n y el brillo antes de hacer cualquier otra cosa.<\/li>\n\n\n\n<li><strong>Manchas o tono irregular: <\/strong>IPL o un facial con c\u00e9lulas madre act\u00faan espec\u00edficamente sobre tono y luminosidad.<\/li>\n\n\n\n<li><strong>El problema es la textura <\/strong><strong>(<\/strong><strong>piel rugosa, cicatrices, poros obstruidos<\/strong><strong>)<\/strong><strong>: <\/strong>microneedling o peeling de vitamina C renovar\u00e1n y refinar\u00e1n la superficie.<\/li>\n\n\n\n<li><strong>Quieres lifting y contorno: <\/strong>CACI para tonificaci\u00f3n gradual, radiofrecuencia o INDIBA para firmeza, o HIFU para el lifting no quir\u00fargico m\u00e1s potente.<\/li>\n\n\n\n<li><strong>No sabes por d\u00f3nde empezar: <\/strong>reserva una consulta. Una buena esteticista evaluar\u00e1 tu piel y te recomendar\u00e1 el tratamiento (o la combinaci\u00f3n) m\u00e1s adecuado para tus objetivos y tu presupuesto.<\/li>\n<\/ul>\n\n\n\n<p>Muchos de estos tratamientos tambi\u00e9n funcionan muy bien combinados, como por ejemplo, un Hydrafacial seguido de un ciclo de microneedling, o INDIBA combinado con un peeling de vitamina C mensual. Combinar tratamientos de forma estrat\u00e9gica puede dar resultados que ning\u00fan tratamiento individual lograr\u00eda por s\u00ed solo. Solo aseg\u00farate de espaciarlos adecuadamente y sigue siempre los consejos de tu esteticista sobre los tiempos de recuperaci\u00f3n entre sesiones.<\/p>\n\n\n\n<p>La primavera es la ventana perfecta para invertir en tu piel. La demanda es real, los tratamientos est\u00e1n probados y los resultados hablan por s\u00ed solos. Encuentra un tratamiento facial cerca de ti en Treatwell y reserva tu primera sesi\u00f3n.<\/p>\n\n\n\n<p><a href=\"https:\/\/www.treatwell.es\/\"><strong>Reserva en Treatwell<\/strong><\/a><\/p>\n\n\n\n<div class=\"schema-faq wp-block-yoast-faq-block\"><div class=\"schema-faq-section\" id=\"faq-question-1773409476091\"><h3 class=\"schema-faq-question\">\u00bfCu\u00e1l es el mejor tratamiento facial para la primavera?<\/h3> <p class=\"schema-faq-answer\">Depende de las necesidades de tu piel. Para un reset general post-invernal, el Hydrafacial es el punto de partida m\u00e1s seguro. Para preocupaciones espec\u00edficas como la pigmentaci\u00f3n, prueba IPL; para la textura, considera microneedling o peeling de vitamina C; para lifting, mira CACI, radiofrecuencia o HIFU.<\/p> <\/div> <div class=\"schema-faq-section\" id=\"faq-question-1773409489400\"><h3 class=\"schema-faq-question\">\u00bfCu\u00e1l es la diferencia entre radiofrecuencia e INDIBA?<\/h3> <p class=\"schema-faq-answer\">Ambos usan energ\u00eda de radiofrecuencia para estimular el col\u00e1geno. INDIBA opera a una frecuencia espec\u00edfica (448 kHz) que produce efectos tanto t\u00e9rmicos como subt\u00e9rmicos, trabajando en m\u00faltiples niveles de tejido simult\u00e1neamente. Los tratamientos de RF est\u00e1ndar se basan t\u00edpicamente solo en efectos t\u00e9rmicos. Ambos son efectivos; INDIBA ofrece un enfoque m\u00e1s dirigido y respaldado por la investigaci\u00f3n.<\/p> <\/div> <div class=\"schema-faq-section\" id=\"faq-question-1773409502883\"><h3 class=\"schema-faq-question\">\u00bfCu\u00e1l es la diferencia entre un facial PDRN y uno de c\u00e9lulas madre?<\/h3> <p class=\"schema-faq-answer\">Ambos son tratamientos regenerativos, pero funcionan de forma diferente. El PDRN usa fragmentos de ADN purificado de salm\u00f3n para estimular directamente los fibroblastos y acelerar la reparaci\u00f3n celular. Los faciales con c\u00e9lulas madre usan factores de crecimiento de origen vegetal o biotecnol\u00f3gico para promover la producci\u00f3n de col\u00e1geno y la renovaci\u00f3n celular. El PDRN tiende a ser m\u00e1s espec\u00edfico para hidrataci\u00f3n profunda y reparaci\u00f3n; las c\u00e9lulas madre se centran m\u00e1s ampliamente en renovaci\u00f3n y luminosidad.<\/p> <\/div> <div class=\"schema-faq-section\" id=\"faq-question-1773409515233\"><h3 class=\"schema-faq-question\">\u00bfEl microneedling duele?<\/h3> <p class=\"schema-faq-answer\">La mayor\u00eda de los centros aplican una crema anest\u00e9sica antes del tratamiento, as\u00ed que sentir\u00e1s presi\u00f3n y un ligero rasgu\u00f1o en lugar de dolor. Espera un leve enrojecimiento durante uno o dos d\u00edas, similar a una quemadura solar suave. La molestia es m\u00ednima comparada con los resultados.<\/p> <\/div> <div class=\"schema-faq-section\" id=\"faq-question-1773409527333\"><h3 class=\"schema-faq-question\">\u00bfCu\u00e1ntas sesiones necesitar\u00e9?<\/h3> <p class=\"schema-faq-answer\">Var\u00eda seg\u00fan el tratamiento. El Hydrafacial da resultados inmediatos y se puede repetir mensualmente. El PDRN suele requerir tres o cuatro sesiones. El microneedling funciona mejor como un ciclo de tres a seis. El CACI recomienda de 10 a 15 sesiones para resultados \u00f3ptimos. El HIFU a menudo da resultados significativos con una sola sesi\u00f3n. Tu esteticista te recomendar\u00e1 un plan basado en tu piel y tus objetivos.<\/p> <\/div> <div class=\"schema-faq-section\" id=\"faq-question-1773409538799\"><h3 class=\"schema-faq-question\">\u00bfPuedo combinar varios tratamientos?<\/h3> <p class=\"schema-faq-answer\">S\u00ed, y mucha gente lo hace. Por ejemplo, un Hydrafacial para hidratar seguido de un ciclo de microneedling para la textura, o INDIBA para firmeza combinado con peelings de vitamina C regulares para luminosidad. Solo aseg\u00farate de espaciar los tratamientos adecuadamente y sigue las indicaciones de tu esteticista sobre los tiempos de recuperaci\u00f3n.<\/p> <\/div> <div class=\"schema-faq-section\" id=\"faq-question-1773409550265\"><h3 class=\"schema-faq-question\">\u00bfEl HIFU es doloroso?<\/h3> <p class=\"schema-faq-answer\">El HIFU no es indoloro, pero la mayor\u00eda de la gente lo describe como tolerable, como una sensaci\u00f3n c\u00e1lida y punzante durante el tratamiento. Algunas zonas (especialmente alrededor de la mand\u00edbula) pueden ser m\u00e1s intensas. Cualquier molestia es temporal y desaparece inmediatamente despu\u00e9s de la sesi\u00f3n. Los resultados, por otro lado, duran hasta dos a\u00f1os.<\/p> <\/div> <div class=\"schema-faq-section\" id=\"faq-question-1773409561314\"><h3 class=\"schema-faq-question\">\u00bfPor qu\u00e9 la primavera es un buen momento para los tratamientos faciales?<\/h3> <p class=\"schema-faq-answer\">Los niveles de UV m\u00e1s bajos significan menos riesgo de hiperpigmentaci\u00f3n post-tratamiento (especialmente importante para IPL y peelings). Tu piel tambi\u00e9n se est\u00e1 recuperando de los efectos deshidratantes del invierno, lo que la hace especialmente receptiva a tratamientos hidratantes y restauradores. Empezar un ciclo en primavera significa ver los mejores resultados a tiempo para el verano.<\/p> <\/div> <\/div>\n","protected":false},"excerpt":{"rendered":"<p>Tu piel ha sobrevivido al invierno. Apenas. Estos son los 11 tratamientos faciales profesionales (desde el Hydrafacial al microneedling) \u2013 que van a devolverla a la vida. Con resultados tan evidentes que querr\u00e1s repetir antes de levantarte de la camilla. Tu piel necesita un reset de primavera (y tu rutina de skincare no puede hacerlo [&hellip;]<\/p>\n","protected":false},"author":3404,"featured_media":32988,"comment_status":"closed","ping_status":"closed","sticky":false,"template":"","format":"standard","meta":{"_acf_changed":false,"_yoast_wpseo_title":"Tratamientos faciales de primavera: 11 tratamientos para una piel radiante | Treatwell","_yoast_wpseo_metadesc":"Del Hydrafacial al PDRN, del HIFU al peeling de vitamina C \u2013 descubre los mejores tratamientos faciales profesionales para reservar esta primavera en Treatwell.","_genesis_hide_title":false,"_genesis_hide_breadcrumbs":false,"_genesis_hide_singular_image":false,"_genesis_hide_footer_widgets":false,"_genesis_custom_body_class":"","_genesis_custom_post_class":"","_genesis_layout":"","saswp_custom_schema_field":"","footnotes":""},"categories":[304,306],"tags":[],"class_list":{"0":"post-32987","1":"post","2":"type-post","3":"status-publish","4":"format-standard","5":"has-post-thumbnail","7":"category-facial","8":"category-tratamientos-faciales-avanzados","9":"entry"},"acf":{"post_credits":"","beauty_blog_post_button_title":"","beauty_blog_post_button":"","landscape_picture":"","blocks":null},"yoast_head":"<!-- This site is optimized with the Yoast SEO plugin v27.4 - https:\/\/yoast.com\/product\/yoast-seo-wordpress\/ -->\n<title>Tratamientos faciales de primavera: 11 tratamientos para una piel radiante | Treatwell<\/title>\n<meta name=\"description\" content=\"Del Hydrafacial al PDRN, del HIFU al peeling de vitamina C \u2013 descubre los mejores tratamientos faciales profesionales para reservar esta primavera en Treatwell.\" \/>\n<meta name=\"robots\" content=\"index, follow, max-snippet:-1, max-image-preview:large, max-video-preview:-1\" \/>\n<link rel=\"canonical\" href=\"https:\/\/www.treatwell.es/in-the-glow\/tratamientos-faciales-de-primavera-11-tratamientos-que-tu-piel-estaba-esperando\/\" \/>\n<meta property=\"og:locale\" content=\"es_ES\" \/>\n<meta property=\"og:type\" content=\"article\" \/>\n<meta property=\"og:title\" content=\"Tratamientos faciales de primavera: 11 tratamientos para una piel radiante | Treatwell\" \/>\n<meta property=\"og:description\" content=\"Del Hydrafacial al PDRN, del HIFU al peeling de vitamina C \u2013 descubre los mejores tratamientos faciales profesionales para reservar esta primavera en Treatwell.\" \/>\n<meta property=\"og:url\" content=\"https:\/\/www.treatwell.es/in-the-glow\/tratamientos-faciales-de-primavera-11-tratamientos-que-tu-piel-estaba-esperando\/\" \/>\n<meta property=\"og:site_name\" content=\"In The Glow\" \/>\n<meta property=\"article:published_time\" content=\"2026-03-13T16:19:47+00:00\" \/>\n<meta property=\"article:modified_time\" content=\"2026-03-13T17:31:21+00:00\" \/>\n<meta property=\"og:image\" content=\"https:\/\/www.treatwell.es/in-the-glow\/wp-content\/uploads\/sites\/10\/2026\/03\/Feature-Image.png\" \/>\n\t<meta property=\"og:image:width\" content=\"1200\" \/>\n\t<meta property=\"og:image:height\" content=\"675\" \/>\n\t<meta property=\"og:image:type\" content=\"image\/png\" \/>\n<meta name=\"author\" content=\"Miryam Amer\" \/>\n<meta name=\"twitter:card\" content=\"summary_large_image\" \/>\n<meta name=\"twitter:label1\" content=\"Escrito por\" \/>\n\t<meta name=\"twitter:data1\" content=\"Miryam Amer\" \/>\n\t<meta name=\"twitter:label2\" content=\"Tiempo de lectura\" \/>\n\t<meta name=\"twitter:data2\" content=\"20 minutos\" \/>\n<script type=\"application\/ld+json\" class=\"yoast-schema-graph\">{\"@context\":\"https:\\\/\\\/schema.org\",\"@graph\":[{\"@type\":\"Article\",\"@id\":\"https:\\\/\\\/www.treatwell.es/in-the-glow\\\/tratamientos-faciales-de-primavera-11-tratamientos-que-tu-piel-estaba-esperando\\\/#article\",\"isPartOf\":{\"@id\":\"https:\\\/\\\/www.treatwell.es/in-the-glow\\\/tratamientos-faciales-de-primavera-11-tratamientos-que-tu-piel-estaba-esperando\\\/\"},\"author\":{\"name\":\"Miryam Amer\",\"@id\":\"https:\\\/\\\/www.treatwell.es/in-the-glow\\\/#\\\/schema\\\/person\\\/683c32ad6a1ea4be1a1c935d186d865c\"},\"headline\":\"Tratamientos faciales de primavera: 11 tratamientos que tu piel estaba esperando\",\"datePublished\":\"2026-03-13T16:19:47+00:00\",\"dateModified\":\"2026-03-13T17:31:21+00:00\",\"mainEntityOfPage\":{\"@id\":\"https:\\\/\\\/www.treatwell.es/in-the-glow\\\/tratamientos-faciales-de-primavera-11-tratamientos-que-tu-piel-estaba-esperando\\\/\"},\"wordCount\":4217,\"publisher\":{\"@id\":\"https:\\\/\\\/www.treatwell.es/in-the-glow\\\/#organization\"},\"image\":{\"@id\":\"https:\\\/\\\/www.treatwell.es/in-the-glow\\\/tratamientos-faciales-de-primavera-11-tratamientos-que-tu-piel-estaba-esperando\\\/#primaryimage\"},\"thumbnailUrl\":\"https:\\\/\\\/www.treatwell.es/in-the-glow\\\/wp-content\\\/uploads\\\/sites\\\/10\\\/2026\\\/03\\\/Feature-Image.png\",\"articleSection\":[\"Facial\",\"Tratamientos faciales avanzados\"],\"inLanguage\":\"es\"},{\"@type\":[\"WebPage\",\"FAQPage\"],\"@id\":\"https:\\\/\\\/www.treatwell.es/in-the-glow\\\/tratamientos-faciales-de-primavera-11-tratamientos-que-tu-piel-estaba-esperando\\\/\",\"url\":\"https:\\\/\\\/www.treatwell.es/in-the-glow\\\/tratamientos-faciales-de-primavera-11-tratamientos-que-tu-piel-estaba-esperando\\\/\",\"name\":\"Tratamientos faciales de primavera: 11 tratamientos para una piel radiante | Treatwell\",\"isPartOf\":{\"@id\":\"https:\\\/\\\/www.treatwell.es/in-the-glow\\\/#website\"},\"primaryImageOfPage\":{\"@id\":\"https:\\\/\\\/www.treatwell.es/in-the-glow\\\/tratamientos-faciales-de-primavera-11-tratamientos-que-tu-piel-estaba-esperando\\\/#primaryimage\"},\"image\":{\"@id\":\"https:\\\/\\\/www.treatwell.es/in-the-glow\\\/tratamientos-faciales-de-primavera-11-tratamientos-que-tu-piel-estaba-esperando\\\/#primaryimage\"},\"thumbnailUrl\":\"https:\\\/\\\/www.treatwell.es/in-the-glow\\\/wp-content\\\/uploads\\\/sites\\\/10\\\/2026\\\/03\\\/Feature-Image.png\",\"datePublished\":\"2026-03-13T16:19:47+00:00\",\"dateModified\":\"2026-03-13T17:31:21+00:00\",\"description\":\"Del Hydrafacial al PDRN, del HIFU al peeling de vitamina C \u2013 descubre los mejores tratamientos faciales profesionales para reservar esta primavera en Treatwell.\",\"breadcrumb\":{\"@id\":\"https:\\\/\\\/www.treatwell.es/in-the-glow\\\/tratamientos-faciales-de-primavera-11-tratamientos-que-tu-piel-estaba-esperando\\\/#breadcrumb\"},\"mainEntity\":[{\"@id\":\"https:\\\/\\\/www.treatwell.es/in-the-glow\\\/tratamientos-faciales-de-primavera-11-tratamientos-que-tu-piel-estaba-esperando\\\/#faq-question-1773409476091\"},{\"@id\":\"https:\\\/\\\/www.treatwell.es/in-the-glow\\\/tratamientos-faciales-de-primavera-11-tratamientos-que-tu-piel-estaba-esperando\\\/#faq-question-1773409489400\"},{\"@id\":\"https:\\\/\\\/www.treatwell.es/in-the-glow\\\/tratamientos-faciales-de-primavera-11-tratamientos-que-tu-piel-estaba-esperando\\\/#faq-question-1773409502883\"},{\"@id\":\"https:\\\/\\\/www.treatwell.es/in-the-glow\\\/tratamientos-faciales-de-primavera-11-tratamientos-que-tu-piel-estaba-esperando\\\/#faq-question-1773409515233\"},{\"@id\":\"https:\\\/\\\/www.treatwell.es/in-the-glow\\\/tratamientos-faciales-de-primavera-11-tratamientos-que-tu-piel-estaba-esperando\\\/#faq-question-1773409527333\"},{\"@id\":\"https:\\\/\\\/www.treatwell.es/in-the-glow\\\/tratamientos-faciales-de-primavera-11-tratamientos-que-tu-piel-estaba-esperando\\\/#faq-question-1773409538799\"},{\"@id\":\"https:\\\/\\\/www.treatwell.es/in-the-glow\\\/tratamientos-faciales-de-primavera-11-tratamientos-que-tu-piel-estaba-esperando\\\/#faq-question-1773409550265\"},{\"@id\":\"https:\\\/\\\/www.treatwell.es/in-the-glow\\\/tratamientos-faciales-de-primavera-11-tratamientos-que-tu-piel-estaba-esperando\\\/#faq-question-1773409561314\"}],\"inLanguage\":\"es\",\"potentialAction\":[{\"@type\":\"ReadAction\",\"target\":[\"https:\\\/\\\/www.treatwell.es/in-the-glow\\\/tratamientos-faciales-de-primavera-11-tratamientos-que-tu-piel-estaba-esperando\\\/\"]}]},{\"@type\":\"ImageObject\",\"inLanguage\":\"es\",\"@id\":\"https:\\\/\\\/www.treatwell.es/in-the-glow\\\/tratamientos-faciales-de-primavera-11-tratamientos-que-tu-piel-estaba-esperando\\\/#primaryimage\",\"url\":\"https:\\\/\\\/www.treatwell.es/in-the-glow\\\/wp-content\\\/uploads\\\/sites\\\/10\\\/2026\\\/03\\\/Feature-Image.png\",\"contentUrl\":\"https:\\\/\\\/www.treatwell.es/in-the-glow\\\/wp-content\\\/uploads\\\/sites\\\/10\\\/2026\\\/03\\\/Feature-Image.png\",\"width\":1200,\"height\":675,\"caption\":\"Tratamientos faciales de primavera | Treatwell\"},{\"@type\":\"BreadcrumbList\",\"@id\":\"https:\\\/\\\/www.treatwell.es/in-the-glow\\\/tratamientos-faciales-de-primavera-11-tratamientos-que-tu-piel-estaba-esperando\\\/#breadcrumb\",\"itemListElement\":[{\"@type\":\"ListItem\",\"position\":1,\"name\":\"Home\",\"item\":\"https:\\\/\\\/www.treatwell.es/in-the-glow\\\/\"},{\"@type\":\"ListItem\",\"position\":2,\"name\":\"Facial\",\"item\":\"https:\\\/\\\/www.treatwell.es/in-the-glow\\\/facial\\\/\"},{\"@type\":\"ListItem\",\"position\":3,\"name\":\"Tratamientos faciales de primavera: 11 tratamientos que tu piel estaba esperando\"}]},{\"@type\":\"WebSite\",\"@id\":\"https:\\\/\\\/www.treatwell.es/in-the-glow\\\/#website\",\"url\":\"https:\\\/\\\/www.treatwell.es/in-the-glow\\\/\",\"name\":\"In The Glow\",\"description\":\"Belleza. Pelo. Lifestyle.\",\"publisher\":{\"@id\":\"https:\\\/\\\/www.treatwell.es/in-the-glow\\\/#organization\"},\"potentialAction\":[{\"@type\":\"SearchAction\",\"target\":{\"@type\":\"EntryPoint\",\"urlTemplate\":\"https:\\\/\\\/www.treatwell.es/in-the-glow\\\/?s={search_term_string}\"},\"query-input\":{\"@type\":\"PropertyValueSpecification\",\"valueRequired\":true,\"valueName\":\"search_term_string\"}}],\"inLanguage\":\"es\"},{\"@type\":\"Organization\",\"@id\":\"https:\\\/\\\/www.treatwell.es/in-the-glow\\\/#organization\",\"name\":\"Treatwell\",\"url\":\"https:\\\/\\\/www.treatwell.es/in-the-glow\\\/\",\"logo\":{\"@type\":\"ImageObject\",\"inLanguage\":\"es\",\"@id\":\"https:\\\/\\\/www.treatwell.es/in-the-glow\\\/#\\\/schema\\\/logo\\\/image\\\/\",\"url\":\"https:\\\/\\\/www.treatwell.es/in-the-glow\\\/wp-content\\\/uploads\\\/sites\\\/10\\\/2022\\\/03\\\/logo_treatwell.png\",\"contentUrl\":\"https:\\\/\\\/www.treatwell.es/in-the-glow\\\/wp-content\\\/uploads\\\/sites\\\/10\\\/2022\\\/03\\\/logo_treatwell.png\",\"width\":889,\"height\":164,\"caption\":\"Treatwell\"},\"image\":{\"@id\":\"https:\\\/\\\/www.treatwell.es/in-the-glow\\\/#\\\/schema\\\/logo\\\/image\\\/\"}},{\"@type\":\"Person\",\"@id\":\"https:\\\/\\\/www.treatwell.es/in-the-glow\\\/#\\\/schema\\\/person\\\/683c32ad6a1ea4be1a1c935d186d865c\",\"name\":\"Miryam Amer\",\"image\":{\"@type\":\"ImageObject\",\"inLanguage\":\"es\",\"@id\":\"https:\\\/\\\/secure.gravatar.com\\\/avatar\\\/a79d7fc6fa65d1dc3700138af8f94ca2e0f343eaab3856f26c5114c6807b29de?s=96&d=mm&r=g\",\"url\":\"https:\\\/\\\/secure.gravatar.com\\\/avatar\\\/a79d7fc6fa65d1dc3700138af8f94ca2e0f343eaab3856f26c5114c6807b29de?s=96&d=mm&r=g\",\"contentUrl\":\"https:\\\/\\\/secure.gravatar.com\\\/avatar\\\/a79d7fc6fa65d1dc3700138af8f94ca2e0f343eaab3856f26c5114c6807b29de?s=96&d=mm&r=g\",\"caption\":\"Miryam Amer\"},\"url\":\"https:\\\/\\\/www.treatwell.es/in-the-glow\\\/author\\\/miryam-amertreatwell-com\\\/\"},{\"@type\":\"Question\",\"@id\":\"https:\\\/\\\/www.treatwell.es/in-the-glow\\\/tratamientos-faciales-de-primavera-11-tratamientos-que-tu-piel-estaba-esperando\\\/#faq-question-1773409476091\",\"position\":1,\"url\":\"https:\\\/\\\/www.treatwell.es/in-the-glow\\\/tratamientos-faciales-de-primavera-11-tratamientos-que-tu-piel-estaba-esperando\\\/#faq-question-1773409476091\",\"name\":\"\u00bfCu\u00e1l es el mejor tratamiento facial para la primavera?\",\"answerCount\":1,\"acceptedAnswer\":{\"@type\":\"Answer\",\"text\":\"Depende de las necesidades de tu piel. Para un reset general post-invernal, el Hydrafacial es el punto de partida m\u00e1s seguro. Para preocupaciones espec\u00edficas como la pigmentaci\u00f3n, prueba IPL; para la textura, considera microneedling o peeling de vitamina C; para lifting, mira CACI, radiofrecuencia o HIFU.\",\"inLanguage\":\"es\"},\"inLanguage\":\"es\"},{\"@type\":\"Question\",\"@id\":\"https:\\\/\\\/www.treatwell.es/in-the-glow\\\/tratamientos-faciales-de-primavera-11-tratamientos-que-tu-piel-estaba-esperando\\\/#faq-question-1773409489400\",\"position\":2,\"url\":\"https:\\\/\\\/www.treatwell.es/in-the-glow\\\/tratamientos-faciales-de-primavera-11-tratamientos-que-tu-piel-estaba-esperando\\\/#faq-question-1773409489400\",\"name\":\"\u00bfCu\u00e1l es la diferencia entre radiofrecuencia e INDIBA?\",\"answerCount\":1,\"acceptedAnswer\":{\"@type\":\"Answer\",\"text\":\"Ambos usan energ\u00eda de radiofrecuencia para estimular el col\u00e1geno. INDIBA opera a una frecuencia espec\u00edfica (448 kHz) que produce efectos tanto t\u00e9rmicos como subt\u00e9rmicos, trabajando en m\u00faltiples niveles de tejido simult\u00e1neamente. Los tratamientos de RF est\u00e1ndar se basan t\u00edpicamente solo en efectos t\u00e9rmicos. Ambos son efectivos; INDIBA ofrece un enfoque m\u00e1s dirigido y respaldado por la investigaci\u00f3n.\",\"inLanguage\":\"es\"},\"inLanguage\":\"es\"},{\"@type\":\"Question\",\"@id\":\"https:\\\/\\\/www.treatwell.es/in-the-glow\\\/tratamientos-faciales-de-primavera-11-tratamientos-que-tu-piel-estaba-esperando\\\/#faq-question-1773409502883\",\"position\":3,\"url\":\"https:\\\/\\\/www.treatwell.es/in-the-glow\\\/tratamientos-faciales-de-primavera-11-tratamientos-que-tu-piel-estaba-esperando\\\/#faq-question-1773409502883\",\"name\":\"\u00bfCu\u00e1l es la diferencia entre un facial PDRN y uno de c\u00e9lulas madre?\",\"answerCount\":1,\"acceptedAnswer\":{\"@type\":\"Answer\",\"text\":\"Ambos son tratamientos regenerativos, pero funcionan de forma diferente. El PDRN usa fragmentos de ADN purificado de salm\u00f3n para estimular directamente los fibroblastos y acelerar la reparaci\u00f3n celular. Los faciales con c\u00e9lulas madre usan factores de crecimiento de origen vegetal o biotecnol\u00f3gico para promover la producci\u00f3n de col\u00e1geno y la renovaci\u00f3n celular. El PDRN tiende a ser m\u00e1s espec\u00edfico para hidrataci\u00f3n profunda y reparaci\u00f3n; las c\u00e9lulas madre se centran m\u00e1s ampliamente en renovaci\u00f3n y luminosidad.\",\"inLanguage\":\"es\"},\"inLanguage\":\"es\"},{\"@type\":\"Question\",\"@id\":\"https:\\\/\\\/www.treatwell.es/in-the-glow\\\/tratamientos-faciales-de-primavera-11-tratamientos-que-tu-piel-estaba-esperando\\\/#faq-question-1773409515233\",\"position\":4,\"url\":\"https:\\\/\\\/www.treatwell.es/in-the-glow\\\/tratamientos-faciales-de-primavera-11-tratamientos-que-tu-piel-estaba-esperando\\\/#faq-question-1773409515233\",\"name\":\"\u00bfEl microneedling duele?\",\"answerCount\":1,\"acceptedAnswer\":{\"@type\":\"Answer\",\"text\":\"La mayor\u00eda de los centros aplican una crema anest\u00e9sica antes del tratamiento, as\u00ed que sentir\u00e1s presi\u00f3n y un ligero rasgu\u00f1o en lugar de dolor. Espera un leve enrojecimiento durante uno o dos d\u00edas, similar a una quemadura solar suave. La molestia es m\u00ednima comparada con los resultados.\",\"inLanguage\":\"es\"},\"inLanguage\":\"es\"},{\"@type\":\"Question\",\"@id\":\"https:\\\/\\\/www.treatwell.es/in-the-glow\\\/tratamientos-faciales-de-primavera-11-tratamientos-que-tu-piel-estaba-esperando\\\/#faq-question-1773409527333\",\"position\":5,\"url\":\"https:\\\/\\\/www.treatwell.es/in-the-glow\\\/tratamientos-faciales-de-primavera-11-tratamientos-que-tu-piel-estaba-esperando\\\/#faq-question-1773409527333\",\"name\":\"\u00bfCu\u00e1ntas sesiones necesitar\u00e9?\",\"answerCount\":1,\"acceptedAnswer\":{\"@type\":\"Answer\",\"text\":\"Var\u00eda seg\u00fan el tratamiento. El Hydrafacial da resultados inmediatos y se puede repetir mensualmente. El PDRN suele requerir tres o cuatro sesiones. El microneedling funciona mejor como un ciclo de tres a seis. El CACI recomienda de 10 a 15 sesiones para resultados \u00f3ptimos. El HIFU a menudo da resultados significativos con una sola sesi\u00f3n. Tu esteticista te recomendar\u00e1 un plan basado en tu piel y tus objetivos.\",\"inLanguage\":\"es\"},\"inLanguage\":\"es\"},{\"@type\":\"Question\",\"@id\":\"https:\\\/\\\/www.treatwell.es/in-the-glow\\\/tratamientos-faciales-de-primavera-11-tratamientos-que-tu-piel-estaba-esperando\\\/#faq-question-1773409538799\",\"position\":6,\"url\":\"https:\\\/\\\/www.treatwell.es/in-the-glow\\\/tratamientos-faciales-de-primavera-11-tratamientos-que-tu-piel-estaba-esperando\\\/#faq-question-1773409538799\",\"name\":\"\u00bfPuedo combinar varios tratamientos?\",\"answerCount\":1,\"acceptedAnswer\":{\"@type\":\"Answer\",\"text\":\"S\u00ed, y mucha gente lo hace. Por ejemplo, un Hydrafacial para hidratar seguido de un ciclo de microneedling para la textura, o INDIBA para firmeza combinado con peelings de vitamina C regulares para luminosidad. Solo aseg\u00farate de espaciar los tratamientos adecuadamente y sigue las indicaciones de tu esteticista sobre los tiempos de recuperaci\u00f3n.\",\"inLanguage\":\"es\"},\"inLanguage\":\"es\"},{\"@type\":\"Question\",\"@id\":\"https:\\\/\\\/www.treatwell.es/in-the-glow\\\/tratamientos-faciales-de-primavera-11-tratamientos-que-tu-piel-estaba-esperando\\\/#faq-question-1773409550265\",\"position\":7,\"url\":\"https:\\\/\\\/www.treatwell.es/in-the-glow\\\/tratamientos-faciales-de-primavera-11-tratamientos-que-tu-piel-estaba-esperando\\\/#faq-question-1773409550265\",\"name\":\"\u00bfEl HIFU es doloroso?\",\"answerCount\":1,\"acceptedAnswer\":{\"@type\":\"Answer\",\"text\":\"El HIFU no es indoloro, pero la mayor\u00eda de la gente lo describe como tolerable, como una sensaci\u00f3n c\u00e1lida y punzante durante el tratamiento. Algunas zonas (especialmente alrededor de la mand\u00edbula) pueden ser m\u00e1s intensas. Cualquier molestia es temporal y desaparece inmediatamente despu\u00e9s de la sesi\u00f3n. Los resultados, por otro lado, duran hasta dos a\u00f1os.\",\"inLanguage\":\"es\"},\"inLanguage\":\"es\"},{\"@type\":\"Question\",\"@id\":\"https:\\\/\\\/www.treatwell.es/in-the-glow\\\/tratamientos-faciales-de-primavera-11-tratamientos-que-tu-piel-estaba-esperando\\\/#faq-question-1773409561314\",\"position\":8,\"url\":\"https:\\\/\\\/www.treatwell.es/in-the-glow\\\/tratamientos-faciales-de-primavera-11-tratamientos-que-tu-piel-estaba-esperando\\\/#faq-question-1773409561314\",\"name\":\"\u00bfPor qu\u00e9 la primavera es un buen momento para los tratamientos faciales?\",\"answerCount\":1,\"acceptedAnswer\":{\"@type\":\"Answer\",\"text\":\"Los niveles de UV m\u00e1s bajos significan menos riesgo de hiperpigmentaci\u00f3n post-tratamiento (especialmente importante para IPL y peelings). Tu piel tambi\u00e9n se est\u00e1 recuperando de los efectos deshidratantes del invierno, lo que la hace especialmente receptiva a tratamientos hidratantes y restauradores. Empezar un ciclo en primavera significa ver los mejores resultados a tiempo para el verano.\",\"inLanguage\":\"es\"},\"inLanguage\":\"es\"}]}<\/script>\n<!-- \/ Yoast SEO plugin. -->","yoast_head_json":{"title":"Tratamientos faciales de primavera: 11 tratamientos para una piel radiante | Treatwell","description":"Del Hydrafacial al PDRN, del HIFU al peeling de vitamina C \u2013 descubre los mejores tratamientos faciales profesionales para reservar esta primavera en Treatwell.","robots":{"index":"index","follow":"follow","max-snippet":"max-snippet:-1","max-image-preview":"max-image-preview:large","max-video-preview":"max-video-preview:-1"},"canonical":"https:\/\/www.treatwell.es/in-the-glow\/tratamientos-faciales-de-primavera-11-tratamientos-que-tu-piel-estaba-esperando\/","og_locale":"es_ES","og_type":"article","og_title":"Tratamientos faciales de primavera: 11 tratamientos para una piel radiante | Treatwell","og_description":"Del Hydrafacial al PDRN, del HIFU al peeling de vitamina C \u2013 descubre los mejores tratamientos faciales profesionales para reservar esta primavera en Treatwell.","og_url":"https:\/\/www.treatwell.es/in-the-glow\/tratamientos-faciales-de-primavera-11-tratamientos-que-tu-piel-estaba-esperando\/","og_site_name":"In The Glow","article_published_time":"2026-03-13T16:19:47+00:00","article_modified_time":"2026-03-13T17:31:21+00:00","og_image":[{"width":1200,"height":675,"url":"https:\/\/www.treatwell.es/in-the-glow\/wp-content\/uploads\/sites\/10\/2026\/03\/Feature-Image.png","type":"image\/png"}],"author":"Miryam Amer","twitter_card":"summary_large_image","twitter_misc":{"Escrito por":"Miryam Amer","Tiempo de lectura":"20 minutos"},"schema":{"@context":"https:\/\/schema.org","@graph":[{"@type":"Article","@id":"https:\/\/www.treatwell.es/in-the-glow\/tratamientos-faciales-de-primavera-11-tratamientos-que-tu-piel-estaba-esperando\/#article","isPartOf":{"@id":"https:\/\/www.treatwell.es/in-the-glow\/tratamientos-faciales-de-primavera-11-tratamientos-que-tu-piel-estaba-esperando\/"},"author":{"name":"Miryam Amer","@id":"https:\/\/www.treatwell.es/in-the-glow\/#\/schema\/person\/683c32ad6a1ea4be1a1c935d186d865c"},"headline":"Tratamientos faciales de primavera: 11 tratamientos que tu piel estaba esperando","datePublished":"2026-03-13T16:19:47+00:00","dateModified":"2026-03-13T17:31:21+00:00","mainEntityOfPage":{"@id":"https:\/\/www.treatwell.es/in-the-glow\/tratamientos-faciales-de-primavera-11-tratamientos-que-tu-piel-estaba-esperando\/"},"wordCount":4217,"publisher":{"@id":"https:\/\/www.treatwell.es/in-the-glow\/#organization"},"image":{"@id":"https:\/\/www.treatwell.es/in-the-glow\/tratamientos-faciales-de-primavera-11-tratamientos-que-tu-piel-estaba-esperando\/#primaryimage"},"thumbnailUrl":"https:\/\/www.treatwell.es/in-the-glow\/wp-content\/uploads\/sites\/10\/2026\/03\/Feature-Image.png","articleSection":["Facial","Tratamientos faciales avanzados"],"inLanguage":"es"},{"@type":["WebPage","FAQPage"],"@id":"https:\/\/www.treatwell.es/in-the-glow\/tratamientos-faciales-de-primavera-11-tratamientos-que-tu-piel-estaba-esperando\/","url":"https:\/\/www.treatwell.es/in-the-glow\/tratamientos-faciales-de-primavera-11-tratamientos-que-tu-piel-estaba-esperando\/","name":"Tratamientos faciales de primavera: 11 tratamientos para una piel radiante | Treatwell","isPartOf":{"@id":"https:\/\/www.treatwell.es/in-the-glow\/#website"},"primaryImageOfPage":{"@id":"https:\/\/www.treatwell.es/in-the-glow\/tratamientos-faciales-de-primavera-11-tratamientos-que-tu-piel-estaba-esperando\/#primaryimage"},"image":{"@id":"https:\/\/www.treatwell.es/in-the-glow\/tratamientos-faciales-de-primavera-11-tratamientos-que-tu-piel-estaba-esperando\/#primaryimage"},"thumbnailUrl":"https:\/\/www.treatwell.es/in-the-glow\/wp-content\/uploads\/sites\/10\/2026\/03\/Feature-Image.png","datePublished":"2026-03-13T16:19:47+00:00","dateModified":"2026-03-13T17:31:21+00:00","description":"Del Hydrafacial al PDRN, del HIFU al peeling de vitamina C \u2013 descubre los mejores tratamientos faciales profesionales para reservar esta primavera en Treatwell.","breadcrumb":{"@id":"https:\/\/www.treatwell.es/in-the-glow\/tratamientos-faciales-de-primavera-11-tratamientos-que-tu-piel-estaba-esperando\/#breadcrumb"},"mainEntity":[{"@id":"https:\/\/www.treatwell.es/in-the-glow\/tratamientos-faciales-de-primavera-11-tratamientos-que-tu-piel-estaba-esperando\/#faq-question-1773409476091"},{"@id":"https:\/\/www.treatwell.es/in-the-glow\/tratamientos-faciales-de-primavera-11-tratamientos-que-tu-piel-estaba-esperando\/#faq-question-1773409489400"},{"@id":"https:\/\/www.treatwell.es/in-the-glow\/tratamientos-faciales-de-primavera-11-tratamientos-que-tu-piel-estaba-esperando\/#faq-question-1773409502883"},{"@id":"https:\/\/www.treatwell.es/in-the-glow\/tratamientos-faciales-de-primavera-11-tratamientos-que-tu-piel-estaba-esperando\/#faq-question-1773409515233"},{"@id":"https:\/\/www.treatwell.es/in-the-glow\/tratamientos-faciales-de-primavera-11-tratamientos-que-tu-piel-estaba-esperando\/#faq-question-1773409527333"},{"@id":"https:\/\/www.treatwell.es/in-the-glow\/tratamientos-faciales-de-primavera-11-tratamientos-que-tu-piel-estaba-esperando\/#faq-question-1773409538799"},{"@id":"https:\/\/www.treatwell.es/in-the-glow\/tratamientos-faciales-de-primavera-11-tratamientos-que-tu-piel-estaba-esperando\/#faq-question-1773409550265"},{"@id":"https:\/\/www.treatwell.es/in-the-glow\/tratamientos-faciales-de-primavera-11-tratamientos-que-tu-piel-estaba-esperando\/#faq-question-1773409561314"}],"inLanguage":"es","potentialAction":[{"@type":"ReadAction","target":["https:\/\/www.treatwell.es/in-the-glow\/tratamientos-faciales-de-primavera-11-tratamientos-que-tu-piel-estaba-esperando\/"]}]},{"@type":"ImageObject","inLanguage":"es","@id":"https:\/\/www.treatwell.es/in-the-glow\/tratamientos-faciales-de-primavera-11-tratamientos-que-tu-piel-estaba-esperando\/#primaryimage","url":"https:\/\/www.treatwell.es/in-the-glow\/wp-content\/uploads\/sites\/10\/2026\/03\/Feature-Image.png","contentUrl":"https:\/\/www.treatwell.es/in-the-glow\/wp-content\/uploads\/sites\/10\/2026\/03\/Feature-Image.png","width":1200,"height":675,"caption":"Tratamientos faciales de primavera | Treatwell"},{"@type":"BreadcrumbList","@id":"https:\/\/www.treatwell.es/in-the-glow\/tratamientos-faciales-de-primavera-11-tratamientos-que-tu-piel-estaba-esperando\/#breadcrumb","itemListElement":[{"@type":"ListItem","position":1,"name":"Home","item":"https:\/\/www.treatwell.es/in-the-glow\/"},{"@type":"ListItem","position":2,"name":"Facial","item":"https:\/\/www.treatwell.es/in-the-glow\/facial\/"},{"@type":"ListItem","position":3,"name":"Tratamientos faciales de primavera: 11 tratamientos que tu piel estaba esperando"}]},{"@type":"WebSite","@id":"https:\/\/www.treatwell.es/in-the-glow\/#website","url":"https:\/\/www.treatwell.es/in-the-glow\/","name":"In The Glow","description":"Belleza. Pelo. Lifestyle.","publisher":{"@id":"https:\/\/www.treatwell.es/in-the-glow\/#organization"},"potentialAction":[{"@type":"SearchAction","target":{"@type":"EntryPoint","urlTemplate":"https:\/\/www.treatwell.es/in-the-glow\/?s={search_term_string}"},"query-input":{"@type":"PropertyValueSpecification","valueRequired":true,"valueName":"search_term_string"}}],"inLanguage":"es"},{"@type":"Organization","@id":"https:\/\/www.treatwell.es/in-the-glow\/#organization","name":"Treatwell","url":"https:\/\/www.treatwell.es/in-the-glow\/","logo":{"@type":"ImageObject","inLanguage":"es","@id":"https:\/\/www.treatwell.es/in-the-glow\/#\/schema\/logo\/image\/","url":"https:\/\/www.treatwell.es/in-the-glow\/wp-content\/uploads\/sites\/10\/2022\/03\/logo_treatwell.png","contentUrl":"https:\/\/www.treatwell.es/in-the-glow\/wp-content\/uploads\/sites\/10\/2022\/03\/logo_treatwell.png","width":889,"height":164,"caption":"Treatwell"},"image":{"@id":"https:\/\/www.treatwell.es/in-the-glow\/#\/schema\/logo\/image\/"}},{"@type":"Person","@id":"https:\/\/www.treatwell.es/in-the-glow\/#\/schema\/person\/683c32ad6a1ea4be1a1c935d186d865c","name":"Miryam Amer","image":{"@type":"ImageObject","inLanguage":"es","@id":"https:\/\/secure.gravatar.com\/avatar\/a79d7fc6fa65d1dc3700138af8f94ca2e0f343eaab3856f26c5114c6807b29de?s=96&d=mm&r=g","url":"https:\/\/secure.gravatar.com\/avatar\/a79d7fc6fa65d1dc3700138af8f94ca2e0f343eaab3856f26c5114c6807b29de?s=96&d=mm&r=g","contentUrl":"https:\/\/secure.gravatar.com\/avatar\/a79d7fc6fa65d1dc3700138af8f94ca2e0f343eaab3856f26c5114c6807b29de?s=96&d=mm&r=g","caption":"Miryam Amer"},"url":"https:\/\/www.treatwell.es/in-the-glow\/author\/miryam-amertreatwell-com\/"},{"@type":"Question","@id":"https:\/\/www.treatwell.es/in-the-glow\/tratamientos-faciales-de-primavera-11-tratamientos-que-tu-piel-estaba-esperando\/#faq-question-1773409476091","position":1,"url":"https:\/\/www.treatwell.es/in-the-glow\/tratamientos-faciales-de-primavera-11-tratamientos-que-tu-piel-estaba-esperando\/#faq-question-1773409476091","name":"\u00bfCu\u00e1l es el mejor tratamiento facial para la primavera?","answerCount":1,"acceptedAnswer":{"@type":"Answer","text":"Depende de las necesidades de tu piel. Para un reset general post-invernal, el Hydrafacial es el punto de partida m\u00e1s seguro. Para preocupaciones espec\u00edficas como la pigmentaci\u00f3n, prueba IPL; para la textura, considera microneedling o peeling de vitamina C; para lifting, mira CACI, radiofrecuencia o HIFU.","inLanguage":"es"},"inLanguage":"es"},{"@type":"Question","@id":"https:\/\/www.treatwell.es/in-the-glow\/tratamientos-faciales-de-primavera-11-tratamientos-que-tu-piel-estaba-esperando\/#faq-question-1773409489400","position":2,"url":"https:\/\/www.treatwell.es/in-the-glow\/tratamientos-faciales-de-primavera-11-tratamientos-que-tu-piel-estaba-esperando\/#faq-question-1773409489400","name":"\u00bfCu\u00e1l es la diferencia entre radiofrecuencia e INDIBA?","answerCount":1,"acceptedAnswer":{"@type":"Answer","text":"Ambos usan energ\u00eda de radiofrecuencia para estimular el col\u00e1geno. INDIBA opera a una frecuencia espec\u00edfica (448 kHz) que produce efectos tanto t\u00e9rmicos como subt\u00e9rmicos, trabajando en m\u00faltiples niveles de tejido simult\u00e1neamente. Los tratamientos de RF est\u00e1ndar se basan t\u00edpicamente solo en efectos t\u00e9rmicos. Ambos son efectivos; INDIBA ofrece un enfoque m\u00e1s dirigido y respaldado por la investigaci\u00f3n.","inLanguage":"es"},"inLanguage":"es"},{"@type":"Question","@id":"https:\/\/www.treatwell.es/in-the-glow\/tratamientos-faciales-de-primavera-11-tratamientos-que-tu-piel-estaba-esperando\/#faq-question-1773409502883","position":3,"url":"https:\/\/www.treatwell.es/in-the-glow\/tratamientos-faciales-de-primavera-11-tratamientos-que-tu-piel-estaba-esperando\/#faq-question-1773409502883","name":"\u00bfCu\u00e1l es la diferencia entre un facial PDRN y uno de c\u00e9lulas madre?","answerCount":1,"acceptedAnswer":{"@type":"Answer","text":"Ambos son tratamientos regenerativos, pero funcionan de forma diferente. El PDRN usa fragmentos de ADN purificado de salm\u00f3n para estimular directamente los fibroblastos y acelerar la reparaci\u00f3n celular. Los faciales con c\u00e9lulas madre usan factores de crecimiento de origen vegetal o biotecnol\u00f3gico para promover la producci\u00f3n de col\u00e1geno y la renovaci\u00f3n celular. El PDRN tiende a ser m\u00e1s espec\u00edfico para hidrataci\u00f3n profunda y reparaci\u00f3n; las c\u00e9lulas madre se centran m\u00e1s ampliamente en renovaci\u00f3n y luminosidad.","inLanguage":"es"},"inLanguage":"es"},{"@type":"Question","@id":"https:\/\/www.treatwell.es/in-the-glow\/tratamientos-faciales-de-primavera-11-tratamientos-que-tu-piel-estaba-esperando\/#faq-question-1773409515233","position":4,"url":"https:\/\/www.treatwell.es/in-the-glow\/tratamientos-faciales-de-primavera-11-tratamientos-que-tu-piel-estaba-esperando\/#faq-question-1773409515233","name":"\u00bfEl microneedling duele?","answerCount":1,"acceptedAnswer":{"@type":"Answer","text":"La mayor\u00eda de los centros aplican una crema anest\u00e9sica antes del tratamiento, as\u00ed que sentir\u00e1s presi\u00f3n y un ligero rasgu\u00f1o en lugar de dolor. Espera un leve enrojecimiento durante uno o dos d\u00edas, similar a una quemadura solar suave. La molestia es m\u00ednima comparada con los resultados.","inLanguage":"es"},"inLanguage":"es"},{"@type":"Question","@id":"https:\/\/www.treatwell.es/in-the-glow\/tratamientos-faciales-de-primavera-11-tratamientos-que-tu-piel-estaba-esperando\/#faq-question-1773409527333","position":5,"url":"https:\/\/www.treatwell.es/in-the-glow\/tratamientos-faciales-de-primavera-11-tratamientos-que-tu-piel-estaba-esperando\/#faq-question-1773409527333","name":"\u00bfCu\u00e1ntas sesiones necesitar\u00e9?","answerCount":1,"acceptedAnswer":{"@type":"Answer","text":"Var\u00eda seg\u00fan el tratamiento. El Hydrafacial da resultados inmediatos y se puede repetir mensualmente. El PDRN suele requerir tres o cuatro sesiones. El microneedling funciona mejor como un ciclo de tres a seis. El CACI recomienda de 10 a 15 sesiones para resultados \u00f3ptimos. El HIFU a menudo da resultados significativos con una sola sesi\u00f3n. Tu esteticista te recomendar\u00e1 un plan basado en tu piel y tus objetivos.","inLanguage":"es"},"inLanguage":"es"},{"@type":"Question","@id":"https:\/\/www.treatwell.es/in-the-glow\/tratamientos-faciales-de-primavera-11-tratamientos-que-tu-piel-estaba-esperando\/#faq-question-1773409538799","position":6,"url":"https:\/\/www.treatwell.es/in-the-glow\/tratamientos-faciales-de-primavera-11-tratamientos-que-tu-piel-estaba-esperando\/#faq-question-1773409538799","name":"\u00bfPuedo combinar varios tratamientos?","answerCount":1,"acceptedAnswer":{"@type":"Answer","text":"S\u00ed, y mucha gente lo hace. Por ejemplo, un Hydrafacial para hidratar seguido de un ciclo de microneedling para la textura, o INDIBA para firmeza combinado con peelings de vitamina C regulares para luminosidad. Solo aseg\u00farate de espaciar los tratamientos adecuadamente y sigue las indicaciones de tu esteticista sobre los tiempos de recuperaci\u00f3n.","inLanguage":"es"},"inLanguage":"es"},{"@type":"Question","@id":"https:\/\/www.treatwell.es/in-the-glow\/tratamientos-faciales-de-primavera-11-tratamientos-que-tu-piel-estaba-esperando\/#faq-question-1773409550265","position":7,"url":"https:\/\/www.treatwell.es/in-the-glow\/tratamientos-faciales-de-primavera-11-tratamientos-que-tu-piel-estaba-esperando\/#faq-question-1773409550265","name":"\u00bfEl HIFU es doloroso?","answerCount":1,"acceptedAnswer":{"@type":"Answer","text":"El HIFU no es indoloro, pero la mayor\u00eda de la gente lo describe como tolerable, como una sensaci\u00f3n c\u00e1lida y punzante durante el tratamiento. Algunas zonas (especialmente alrededor de la mand\u00edbula) pueden ser m\u00e1s intensas. Cualquier molestia es temporal y desaparece inmediatamente despu\u00e9s de la sesi\u00f3n. Los resultados, por otro lado, duran hasta dos a\u00f1os.","inLanguage":"es"},"inLanguage":"es"},{"@type":"Question","@id":"https:\/\/www.treatwell.es/in-the-glow\/tratamientos-faciales-de-primavera-11-tratamientos-que-tu-piel-estaba-esperando\/#faq-question-1773409561314","position":8,"url":"https:\/\/www.treatwell.es/in-the-glow\/tratamientos-faciales-de-primavera-11-tratamientos-que-tu-piel-estaba-esperando\/#faq-question-1773409561314","name":"\u00bfPor qu\u00e9 la primavera es un buen momento para los tratamientos faciales?","answerCount":1,"acceptedAnswer":{"@type":"Answer","text":"Los niveles de UV m\u00e1s bajos significan menos riesgo de hiperpigmentaci\u00f3n post-tratamiento (especialmente importante para IPL y peelings). Tu piel tambi\u00e9n se est\u00e1 recuperando de los efectos deshidratantes del invierno, lo que la hace especialmente receptiva a tratamientos hidratantes y restauradores. Empezar un ciclo en primavera significa ver los mejores resultados a tiempo para el verano.","inLanguage":"es"},"inLanguage":"es"}]}},"featured_image_src":"https:\/\/www.treatwell.es/in-the-glow\/wp-content\/uploads\/sites\/10\/2026\/03\/Feature-Image-600x400.png","featured_image_src_square":"https:\/\/www.treatwell.es/in-the-glow\/wp-content\/uploads\/sites\/10\/2026\/03\/Feature-Image-600x600.png","author_info":{"display_name":"Miryam Amer","author_link":"https:\/\/www.treatwell.es/in-the-glow\/author\/miryam-amertreatwell-com\/"},"_links":{"self":[{"href":"https:\/\/www.treatwell.es\/in-the-glow\/wp-json\/wp\/v2\/posts\/32987","targetHints":{"allow":["GET"]}}],"collection":[{"href":"https:\/\/www.treatwell.es\/in-the-glow\/wp-json\/wp\/v2\/posts"}],"about":[{"href":"https:\/\/www.treatwell.es\/in-the-glow\/wp-json\/wp\/v2\/types\/post"}],"author":[{"embeddable":true,"href":"https:\/\/www.treatwell.es\/in-the-glow\/wp-json\/wp\/v2\/users\/3404"}],"replies":[{"embeddable":true,"href":"https:\/\/www.treatwell.es\/in-the-glow\/wp-json\/wp\/v2\/comments?post=32987"}],"version-history":[{"count":0,"href":"https:\/\/www.treatwell.es\/in-the-glow\/wp-json\/wp\/v2\/posts\/32987\/revisions"}],"wp:featuredmedia":[{"embeddable":true,"href":"https:\/\/www.treatwell.es\/in-the-glow\/wp-json\/wp\/v2\/media\/32988"}],"wp:attachment":[{"href":"https:\/\/www.treatwell.es\/in-the-glow\/wp-json\/wp\/v2\/media?parent=32987"}],"wp:term":[{"taxonomy":"category","embeddable":true,"href":"https:\/\/www.treatwell.es\/in-the-glow\/wp-json\/wp\/v2\/categories?post=32987"},{"taxonomy":"post_tag","embeddable":true,"href":"https:\/\/www.treatwell.es\/in-the-glow\/wp-json\/wp\/v2\/tags?post=32987"}],"curies":[{"name":"wp","href":"https:\/\/api.w.org\/{rel}","templated":true}]}}