{"id":3375,"date":"2022-09-22T15:58:00","date_gmt":"2022-09-22T15:58:00","guid":{"rendered":"https:\/\/www.treatwell.es/partners\/?p=4469"},"modified":"2026-02-18T19:16:08","modified_gmt":"2026-02-18T19:16:08","slug":"crear-y-desarrollar-la-marca-profesional-para-un-salon","status":"publish","type":"blog","link":"https:\/\/www.treatwell.es/partners\/recursos\/blog\/crear-y-desarrollar-la-marca-profesional-para-un-salon\/","title":{"rendered":"C\u00f3mo crear una marca personal con ejemplos para tu sal\u00f3n"},"content":{"rendered":"<p>\u00bfTe dispones a crear tu marca personal pero necesitas <strong>ejemplos que te ayuden a consolidar el branding de tu peluquer\u00eda<\/strong> o sal\u00f3n de belleza? O lo m\u00e1s importante: \u00bfno sabes qu\u00e9 es la marca personal de una empresa? \u00a1Treatwell al rescate! Despu\u00e9s de leer este art\u00edculo, sabras c\u00f3mo diferenciarte de la competencia construyendo tu propia identidad.<\/p>\n<p>Hasta la irrupci\u00f3n de Internet, eso de &#8220;hacer marca personal&#8221; era algo estrechamente ligado a nuestro c\u00edrculo m\u00e1s cercano: amigos, familia, trabajo&#8230; Solo as\u00ed pod\u00edamos &#8220;posicionarnos&#8221; en la sociedad. Sin embargo -con el auge del mundo 2.0- la identidad digital es la mejor forma de crear una marca personal (y de vend\u00e9rsela a un p\u00fablico much\u00edsimo m\u00e1s amplio).<\/p>\n<h2 class=\"wp-block-heading\">\u00bfQu\u00e9 es la marca personal de una peluquer\u00eda o sal\u00f3n?<\/h2>\n<p>Vamos all\u00e1 con la definici\u00f3n de marca personal: t\u00fa eres, por as\u00ed decirlo, tu propia marca. \u00bfQu\u00e9 te hace diferente y especial para poder ser reconocido? Ah\u00ed, querido &#8216;PRO&#8217;, es donde est\u00e1 tu marca personal. Cada uno de nosotros somos, en cierta manera, una marca que&nbsp;<strong>debe transmitir quienes somos, nuestra trayectoria y qu\u00e9 aportamos.<\/strong>&nbsp;Por eso, es importante que sepas <strong>c\u00f3mo <b>crear una marca p<\/b>ersonal<\/strong>.<\/p>\n<p><b>La creaci\u00f3n de una marca s\u00f3lida<\/b> te permite destacar de la competencia, <b>atraer de forma natural nuevos clientes<\/b> y fidelizar a los ya existentes, que a su vez se convertir\u00e1n en fieles portavoces de tu negocio. \u00bfPor qu\u00e9? Muy simple. Porque <strong>la marca personal de tu empresa cuenta la historia y los valores<\/strong> que hay detr\u00e1s de tu sal\u00f3n de belleza.<\/p>\n<figure class=\"wp-block-image size-large\"><img decoding=\"async\" width=\"1024\" height=\"684\" src=\"https:\/\/www.treatwell.es/partners\/wp-content\/uploads\/sites\/16\/2022\/09\/386414_UK_Yumi_Beauty_05-1024x684.jpg\" alt=\"\" class=\"wp-image-4971\" srcset=\"https:\/\/www.treatwell.es/partners\/wp-content\/uploads\/sites\/16\/2022\/09\/386414_UK_Yumi_Beauty_05-1024x684.jpg 1024w, https:\/\/www.treatwell.es/partners\/wp-content\/uploads\/sites\/16\/2022\/09\/386414_UK_Yumi_Beauty_05-300x200.jpg 300w, https:\/\/www.treatwell.es/partners\/wp-content\/uploads\/sites\/16\/2022\/09\/386414_UK_Yumi_Beauty_05-768x513.jpg 768w, https:\/\/www.treatwell.es/partners\/wp-content\/uploads\/sites\/16\/2022\/09\/386414_UK_Yumi_Beauty_05-1536x1026.jpg 1536w, https:\/\/www.treatwell.es/partners\/wp-content\/uploads\/sites\/16\/2022\/09\/386414_UK_Yumi_Beauty_05.jpg 1950w\" sizes=\"(max-width: 1024px) 100vw, 1024px\" \/><figcaption class=\"wp-element-caption\">Marca personal <em>offline<\/em><\/figcaption><\/figure>\n<h2 class=\"wp-block-heading\">Crea la marca personal de tu sal\u00f3n con estos ejemplos<\/h2>\n<p>Antes de contarte c\u00f3mo crear tu propia marca personal, es necesario definir un concepto fundamental: el <strong><b>brand<\/b>ing<\/strong>.<\/p>\n<p>Dicho esto, \u00bfqu\u00e9 es el branding? En pocas palabras, es la estrategia que define tu &#8220;<b>marca<\/b>&#8221; &#8211; aquellos elementos visuales que te diferencian del resto y por los que te conocen tus clientes. S\u00e9 lo que est\u00e1s pensando: \u00bfel logo forma parte de mi marca personal? S\u00ed. Tu nombre (naming), tu identidad digital, tus valores y la filosof\u00eda de tu empresa son los cimientos de tu marca profesional.<\/p>\n<p>Vemos los mejores ejemplos de marca personal. \u00bfQu\u00e9 te viene a la mente cuando lees estas frases?<\/p>\n<ul class=\"wp-block-list\">\n<li><em>&#8216;Just do it<\/em>&#8216;<\/li>\n<li>&#8216;<em>Te da alas<\/em>&#8216;<\/li>\n<li>&#8216;<em>Think different<\/em>&#8216;<\/li>\n<\/ul>\n<p>Seguro que en tu mente han aparecido de sopet\u00f3n los logos de <strong>Nike, Redbull y Apple<\/strong>,\u00bfverdad? Si es as\u00ed, significa que estas marcas han logrado todos y cada uno de los <strong>objetivos de su marca personal<\/strong> (que se pueden resumir en uno solo: &#8216;meterse de lleno en tu cabeza&#8217;).<\/p>\n<h3 class=\"wp-block-heading\">Marca personal o c\u00f3mo posicionar tu sal\u00f3n de belleza en la mente de tus clientes<\/h3>\n<p>A la hora de crear la marca personal de tu empresa, es fundamental seguir ejemplos exitosos como es el caso de los mencionados anteriormente. As\u00ed, Nike basa su marca en el concepto de no darse por vencido, RedBull en la libertad, la superaci\u00f3n de tus l\u00edmites (mediante deportes extremos), y Apple en la m\u00e1xima de &#8220;<strong>pensar siempre m\u00e1s all\u00e1<\/strong>&#8221; o en sus propias palabras, &#8220;Think outside the box&#8221;.<\/p>\n<p>Bas\u00e1ndote en estos ejemplos de marca personal, ahora piensa: <strong>\u00bfqu\u00e9 esperas que la gente diga, escuche y piense sobre tu peluquer\u00eda o centro de belleza?<\/strong> Como dir\u00eda Jeff Bezos (fundador de Amazon), &#8220;<i>La marca personal es lo que la gente dice de ti cuando t\u00fa no est\u00e1s presente<\/i>\u201d. A partir de aqu\u00ed, centra tus esfuerzos en construir tu marca personal para recibir el feedback que deseas &#8211; cuando t\u00fa no est\u00e9s delante.<\/p>\n<blockquote>\n<p>La marca personal es lo que la gente dice de ti cuando t\u00fa no est\u00e1s presente<\/p>\n<footer><cite>Jeff Bezos<\/cite><\/footer>\n<\/blockquote>\n<p>Pero eso no es todo. Crear tu marca personal tambi\u00e9n implica <b>transmitir tus valores al exterior<\/b> y promover tu negocio de belleza en el mercado.<\/p>\n<h2 class=\"wp-block-heading\">Marca personal: la importancia del marketing para tu sal\u00f3n<\/h2>\n<p>Una cosa tienes que tener clara, saber crear un plan de marketing es FUNDAMENTAL para el buen funcionamiento de tu sal\u00f3n. Por ejemplo, a trav\u00e9s de la marca personal, una empresa puede definir exactamente cu\u00e1l es su <b>misi\u00f3n y c\u00f3mo son sus valores,<\/b> productos y servicios, as\u00ed como el perfil de los clientes a los que se dirige.<\/p>\n<p>Por eso, para desarrollar tu marca personal, es esencial plantearte una serie de preguntas (aqu\u00ed van algunos ejemplos):<\/p>\n<ul class=\"wp-block-list\">\n<li>\u00bfC\u00f3mo se llama tu peluquer\u00eda o sal\u00f3n y qu\u00e9 quieres transmitir con este nombre?<\/li>\n<li>\u00bfA qui\u00e9n va dirigido tu centro de belleza?<\/li>\n<li>\u00bfCu\u00e1l es la historia que hay detr\u00e1s de tu peluquer\u00eda o negocio de est\u00e9tica?<\/li>\n<li>\u00bfQu\u00e9 servicios ofrece tu sal\u00f3n?<\/li>\n<li>\u00bfQu\u00e9 productos utilizas en tu peluquer\u00eda o sal\u00f3n?<\/li>\n<li>\u00bfQui\u00e9nes son los competidores de tu centro de belleza?<\/li>\n<li>\u00bfPor qu\u00e9 y c\u00f3mo se distingue tu sal\u00f3n de tus competidores?<\/li>\n<li>\u00bfCu\u00e1l es el mensaje que quieres transmitir con tu peluquer\u00eda o centro de belleza?<\/li>\n<\/ul>\n<p>Una vez tengas las respuestas claras, es importante que toda la <b>comunicaci\u00f3n <\/b>que utilices siga la misma l\u00ednea &#8211; respondiendo siempre a estas cuestiones. Para que lo entiendas, vas a comunicarte con tu p\u00fablico objetivo a trav\u00e9s de tu logotipo, tus colores, las tarjetas de visita, la p\u00e1gina web, las redes sociales e incluso el personal que trabaja en tu sal\u00f3n de belleza.<\/p>\n<p>Esto facilitar\u00e1 que consigas el triple prop\u00f3sito del plan de comercializaci\u00f3n, que es:<\/p>\n<ul class=\"wp-block-list\">\n<li>Atraer nuevos clientes a tu peluquer\u00eda o sal\u00f3n.<\/li>\n<li>Fidelizar a los clientes que ya visitan tu centro de belleza.<\/li>\n<li>Mantener una relaci\u00f3n consistente con ellos a trav\u00e9s de la marca personal de tu sal\u00f3n.<\/li>\n<\/ul>\n<h3 class=\"wp-block-heading\">C\u00f3mo crear tu marca personal (para tu peluquer\u00eda o sal\u00f3n de belleza)<\/h3>\n<p>Hemos visto c\u00f3mo el branding puede ayudar a una empresa a posicionarse en la mente de sus consumidores y a la vez <b>diferenciarse de sus competidores<\/b> que, en tu caso, son los salones de la zona. Pero, \u00bfc\u00f3mo construir una marca personal para tu sal\u00f3n? Hay varias maneras de hacerlo, tanto <em>online<\/em> como <em>offline<\/em>&#8230; \u00a1S\u00edguenos!<\/p>\n<p>No podemos hablar de marca personal sin poner ejemplos claros y concisos como: la web, las redes sociales, el servicio al cliente, la limpieza de tu sal\u00f3n&#8230; Todo esto forma parte de tu esencia y, por ende, de la marca personal que tiene tu negocio de belleza. Sin embargo, y aunque ambas deben ser homog\u00e9neas y complementarias, es importante que diferentes entre la <strong>marca personal 2.0<\/strong> (online) y la de toda la vida (offline). Vamos all\u00e1: <\/p>\n<h3 class=\"wp-block-heading\">La marca personal online: los valores de tu sal\u00f3n, en la(s) red(es)<\/h3>\n<figure class=\"wp-block-image size-large\"><img decoding=\"async\" width=\"1024\" height=\"612\" src=\"https:\/\/www.treatwell.es/partners\/wp-content\/uploads\/sites\/16\/2022\/09\/Captura-de-Pantalla-2022-09-22-a-las-17.00.18-1024x612.png\" alt=\"\" class=\"wp-image-4972\" srcset=\"https:\/\/www.treatwell.es/partners\/wp-content\/uploads\/sites\/16\/2022\/09\/Captura-de-Pantalla-2022-09-22-a-las-17.00.18-1024x612.png 1024w, https:\/\/www.treatwell.es/partners\/wp-content\/uploads\/sites\/16\/2022\/09\/Captura-de-Pantalla-2022-09-22-a-las-17.00.18-300x179.png 300w, https:\/\/www.treatwell.es/partners\/wp-content\/uploads\/sites\/16\/2022\/09\/Captura-de-Pantalla-2022-09-22-a-las-17.00.18-768x459.png 768w, https:\/\/www.treatwell.es/partners\/wp-content\/uploads\/sites\/16\/2022\/09\/Captura-de-Pantalla-2022-09-22-a-las-17.00.18-1536x918.png 1536w, https:\/\/www.treatwell.es/partners\/wp-content\/uploads\/sites\/16\/2022\/09\/Captura-de-Pantalla-2022-09-22-a-las-17.00.18.png 1940w\" sizes=\"(max-width: 1024px) 100vw, 1024px\" \/><\/figure>\n<p>Cuando hablamos de <b>comunicaci\u00f3n online<\/b>, nos referimos a la forma y los medios que utilizas para comunicar los valores de tu marca al mundo exterior, a trav\u00e9s de la red. Por si no lo sab\u00edas, esto forma parte de tu marca personal 2.0 &#8211; y va m\u00e1s all\u00e1 de saber <a href=\"https:\/\/www.treatwell.es\/partners\/recursos\/blog\/como-crear-un-plan-de-marketing-digital-para-tu-salon-de-belleza\/\" class=\"ek-link\">c\u00f3mo mejorar tu cuenta profesional en Instagram<\/a>.<\/p>\n<p><b>La presencia online para promocionarte y darte a conocer<\/b> se ha convertido en algo vital. Los consumidores han cambiado sus h\u00e1bitos de consumo y ahora quieren encontrarte online. Pero no basta con eso, la demanda es tan amplia, que tienes que diferenciarte de la competencia para que reserven contigo (y no con ellos). \u00bfC\u00f3mo? Una vez m\u00e1s, con tu marca personal.<\/p>\n<p>Important\u00edsimo: <strong>los clientes buscan informaci\u00f3n online<\/strong> antes de elegir un servicio. Si un sal\u00f3n no tiene <strong>presencia online<\/strong>, obviamente sus clientes potenciales van a a elegir otros centros de belleza que tengan un buen <strong>posicionamiento en Internet<\/strong>. \u00bfY con cu\u00e1l se van a quedar? Con el que tenga m\u00e1s trabajada su marca personal (ficha estos ejemplos). <\/p>\n<p>Estos son los mejores canales para crear y desarrollar tu marca personal 2.0:<\/p>\n<ul class=\"wp-block-list\">\n<li>Las <strong>redes sociales<\/strong> de tu sal\u00f3n: Instagram, Facebook, TikTok, Google My Business&#8230;<\/li>\n<li>La <strong>p\u00e1gina web<\/strong> de tu peluquer\u00eda o sal\u00f3n de belleza: ayuda a los clientes a tener toda tu informaci\u00f3n en un mismo lugar. Tus horarios de apertura, listado de precios, fotos, v\u00eddeos, direcci\u00f3n, tel\u00e9fono \u00a1y mucho m\u00e1s!<\/li>\n<li><strong>Estrategia multicanal<\/strong>: no te centres solo en conseguir nuevos clientes, mantener a los que ya tienes es sumamente importante. \u00bfLa mejor manera? Env\u00edales <strong>correos electr\u00f3nicos, <a href=\"https:\/\/www.treatwell.es\/partners\/recursos\/blog\/sms-marketing-para-tu-salon-todo-lo-que-necesitas-saber\/\" class=\"ek-link\">SMS o mensajes de Whatsapp<\/a><\/strong> en los que recuerdes su cita, les felicites por su cumplea\u00f1os o les mandes ofertas y promociones que haya activas en tu sal\u00f3n. Ver\u00e1s c\u00f3mo funciona.<\/li>\n<\/ul>\n<p>\u00bfQuieres que los clientes te encuentren m\u00e1s f\u00e1cilmente? <strong>Formando parte de Treatwell, tendr\u00e1s tu propia<\/strong> <b>p\u00e1gina web<\/b> y un perfil personalizado y actualizado con tus datos de contacto, fotos y reviews de tus clientes. Adem\u00e1s, Treatwell PRO te ayuda a <a href=\"https:\/\/www.treatwell.es\/partners\/funcionalidades\/visibilidad-y-reservas-online\/\" class=\"ek-link\"><strong>recibir reservas<\/strong>&nbsp;<strong>a trav\u00e9s de tus redes sociales<\/strong><\/a>, \u00a1la mejor manera de fortalecer tu <strong>reputaci\u00f3n digital<\/strong>!<\/p>\n<h3 class=\"wp-block-heading\">Tu marca <em>offline<\/em>, \u00a1diferencia tu sal\u00f3n!<\/h3>\n<p>Ya has podido comprobar el poder de la marca personal a trav\u00e9s de los ejemplos anteriores, pero nos falta algo que (a veces) pasa desapercibido: tus acciones <b>offline<\/b>.&nbsp;<\/p>\n<p>Eso s\u00ed, es especialmente importante que siempre sigas la misma l\u00ednea de comunicaci\u00f3n, independientemente del canal que utilices. Tu marca personal debe estar presente tanto en las tarjetas de visita, como en tus perfiles online &#8211; sin olvidar al personal de tu peluquer\u00eda o sal\u00f3n. Pero, \u00bfc\u00f3mo se desarrolla y refuerza una marca <strong>fuera del mundo digital<\/strong>?<\/p>\n<p>La <strong>experienci<\/strong>a en el sal\u00f3n es la clave de tu marca: difer\u00e9nciate del resto siendo (s\u00faper) emp\u00e1tico. Para poder ofrecer algo distinto a los salones de tu zona, tienes que haber sido cliente de estos salones. \u00a1Pru\u00e9balos! Y luego preg\u00fantate &#8220;\u00bfHan cumplido mis expectativas?&#8221;, &#8220;\u00bfQu\u00e9 hacen mejor\/peor que mi sal\u00f3n? Y, a partir de ah\u00ed, c\u00e9ntrate en mejorar la experiencia de tus clientes.<\/p>\n<p>No basta con utilizar los mejores productos, hay que conseguir que tus clientes se sientan especiales y que su paso por el sal\u00f3n se convierta en <strong>toda una experiencia<\/strong>. Entonces, \u00bfc\u00f3mo podemos destacar respecto a los competidores? \u00a1Dentro <strong>marca personal <em>offline<\/em><\/strong> con los mejores ejemplos para tu centro de belleza!<\/p>\n<figure class=\"wp-block-image size-large\"><img decoding=\"async\" width=\"1024\" height=\"683\" src=\"https:\/\/www.treatwell.es/partners\/wp-content\/uploads\/sites\/16\/2022\/09\/Care_la_Peau_NLD_381858_6_3-1024x683.jpg\" alt=\"\" class=\"wp-image-4970\" srcset=\"https:\/\/www.treatwell.es/partners\/wp-content\/uploads\/sites\/16\/2022\/09\/Care_la_Peau_NLD_381858_6_3-1024x683.jpg 1024w, https:\/\/www.treatwell.es/partners\/wp-content\/uploads\/sites\/16\/2022\/09\/Care_la_Peau_NLD_381858_6_3-300x200.jpg 300w, https:\/\/www.treatwell.es/partners\/wp-content\/uploads\/sites\/16\/2022\/09\/Care_la_Peau_NLD_381858_6_3-768x512.jpg 768w, https:\/\/www.treatwell.es/partners\/wp-content\/uploads\/sites\/16\/2022\/09\/Care_la_Peau_NLD_381858_6_3-1536x1024.jpg 1536w, https:\/\/www.treatwell.es/partners\/wp-content\/uploads\/sites\/16\/2022\/09\/Care_la_Peau_NLD_381858_6_3.jpg 1920w\" sizes=\"(max-width: 1024px) 100vw, 1024px\" \/><\/figure>\n<ul class=\"wp-block-list\">\n<li>Ofrece <strong>asesoramiento personalizado y gratuito<\/strong> en tu peluquer\u00eda o sal\u00f3n.<\/li>\n<li>Una <strong>sonrisa permanente<\/strong> puede ser de mucha ayuda para que los clientes se sientan &#8220;como en casa&#8221; en tu centro de belleza. Y si esa sonrisa es conjunta, el ambiente mejora al 100%, por eso es imprescindible saber <a href=\"https:\/\/www.treatwell.es\/partners\/recursos\/blog\/motivar-a-los-profesionales-de-un-salon-10-formas-de-hacerlo-correctamente\/\" class=\"ek-link\">c\u00f3mo motivar a tu equipo de trabajo<\/a>.<\/li>\n<li>Ofrece siempre una <strong>soluci\u00f3n<\/strong> a los (posibles) problemas que puedan tener relacionados con tu sal\u00f3n.<\/li>\n<li><strong>Escucha<\/strong> a tus clientes (a todos nos gusta compartir vivencias y opiniones en la peluquer\u00eda).<\/li>\n<li><strong>Conoce sus preferencias<\/strong> y ap\u00fantalas en su ficha de cliente: desde sus gustos o necesidades especiales hasta si prefieren un caf\u00e9 al entrar al sal\u00f3n o si son m\u00e1s de agua (o cerveza).<\/li>\n<li><strong>Ofr\u00e9celes algo extra<\/strong> durante sus tratamientos: desde un producto que no estaba incluido en su reserva hasta un masaje relajante con aromaterapia. \u00a1Volver\u00e1n a tu sal\u00f3n seguro! <\/li>\n<\/ul>\n<h2 class=\"wp-block-heading\">Treatwell PRO, el mejor aliado para construir tu marca profesional<\/h2>\n<p>El desarrollo de la marca personal de tu sal\u00f3n &#8211; como habr\u00e1s comprobado despu\u00e9s de todos estos ejemplos- es crucial para &#8220;colarte&#8221; en la mente de los consumidores, diferenciarte de la competencia y alcanzar tu meta: \u00a1el \u00e9xito! Y, precisamente para eso, estamos nosotros aqu\u00ed. <\/p>\n<p>Treatwell PRO ya ha ayudado a m\u00e1s de 40.000 salones en toda Europa con todas estas funciones, desde la gesti\u00f3n empresarial hasta el propio plan de marketing.&nbsp;Por tanto, si quieres liberar algo de tiempo para hacer \u00abtu magia\u00bb mientras&nbsp;<strong>digitalizas tu sal\u00f3n<\/strong>, puede que vaya siendo hora de considerar las ventajas de tener una&nbsp;<a href=\"https:\/\/www.treatwell.es\/partners\/funcionalidades\/agenda-digital\/\" class=\"ek-link\"><strong>agenda digital<\/strong><\/a>.<\/p>\n<p>Con Treatwell PRO tendr\u00e1s un sinf\u00edn de&nbsp;<a href=\"https:\/\/www.treatwell.es\/partners\/funcionalidades\/\" class=\"ek-link\">ventajas para gestionar tu sal\u00f3n<\/a>. \u00bfQu\u00e9 tal una base de datos s\u00f3lida para poder conectar con tus clientes f\u00e1cilmente mediante email y SMS? As\u00ed es, te ayudamos a crear <strong>promociones &#8216;flash&#8217;, tarjetas VIP, paquetes y campa\u00f1as<\/strong> personalizadas para hacerles volver una y otra vez.<\/p>\n<p>Elegir Treatwell significa formar parte de una comunidad de <strong>profesionales de la belleza con visi\u00f3n de futuro<\/strong>. Y t\u00fa, \u00bfqu\u00e9 visi\u00f3n tienes?<\/p>\n<div class=\"wp-block-buttons is-layout-flex wp-block-buttons-is-layout-flex\">\n<div class=\"wp-block-button aligncenter\"><a class=\"wp-block-button__link wp-element-button\" href=\"https:\/\/www.treatwell.es\/partners\/contacto\/\">\u00a1Solicita ya tu demo gratis!<\/a><\/div>\n<\/div>\n<h2>FAQs<\/h2>\n<div class=\"schema-faq wp-block-yoast-faq-block\">\n<div class=\"schema-faq-section\" id=\"faq-question-1771442085291\">\n<h3 class=\"schema-faq-question\">\u00bfC\u00f3mo desarrollar una marca personal fuerte en tu sal\u00f3n de belleza?<\/h3>\n<p class=\"schema-faq-answer\">Puedes desarrollar una marca personal s\u00f3lida definiendo claramente tus valores, misi\u00f3n y filosof\u00eda. Aseg\u00farate de que cada elemento, desde el naming hasta el logotipo y la comunicaci\u00f3n, transmita la esencia de tu sal\u00f3n. Esto te permite diferenciarte de la competencia y fidelizar a tu clientela.<\/div>\n<div class=\"schema-faq-section\" id=\"faq-question-1771442085292\">\n<h3 class=\"schema-faq-question\">\u00bfQu\u00e9 canales digitales utilizar para promocionar la marca de tu sal\u00f3n?<\/h3>\n<p class=\"schema-faq-answer\">Debes utilizar redes sociales, p\u00e1gina web y estrategias multicanal para promocionar tu marca. Gestiona tus perfiles en Instagram, Facebook, TikTok y Google My Business, y mant\u00e9n toda la informaci\u00f3n de tu sal\u00f3n actualizada online para aumentar la visibilidad y captar nueva clientela.<\/div>\n<div class=\"schema-faq-section\" id=\"faq-question-1771442085293\">\n<h3 class=\"schema-faq-question\">\u00bfC\u00f3mo mejorar la experiencia de tu clientela en el sal\u00f3n offline?<\/h3>\n<p class=\"schema-faq-answer\">Puedes mejorar la experiencia ofreciendo asesoramiento personalizado, atenci\u00f3n cercana y detalles exclusivos durante la visita. Gestiona la experiencia desde el trato personal hasta los servicios adicionales, asegur\u00e1ndote de que cada clienta o cliente se sienta especial, lo que impulsa recomendaciones y repetici\u00f3n de visitas.<\/div>\n<div class=\"schema-faq-section\" id=\"faq-question-1771442085294\">\n<h3 class=\"schema-faq-question\">\u00bfCu\u00e1les son las claves para diferenciar tu sal\u00f3n de la competencia?<\/h3>\n<p class=\"schema-faq-answer\">Para diferenciar tu sal\u00f3n, comunica tus valores \u00fanicos, cuida el dise\u00f1o visual y ofrece servicios personalizados. Eval\u00faa a la competencia local, identifica tus puntos fuertes y trasl\u00e1dalos tanto en la comunicaci\u00f3n online como offline para crear una propuesta de valor reconocible y memorable.<\/div>\n<div class=\"schema-faq-section\" id=\"faq-question-1771442085295\">\n<h3 class=\"schema-faq-question\">\u00bfPor qu\u00e9 es importante mantener coherencia en la comunicaci\u00f3n de tu marca?<\/h3>\n<p class=\"schema-faq-answer\">Mantener coherencia asegura que transmites un mensaje claro y profesional en todos los canales, desde redes sociales hasta la atenci\u00f3n en el sal\u00f3n. Esto genera confianza, refuerza tu identidad y ayuda a posicionar tu negocio como referente entre la clientela potencial y habitual.<\/div>\n<div class=\"schema-faq-section\" id=\"faq-question-1771442085296\">\n<h3 class=\"schema-faq-question\">\u00bfQu\u00e9 ventajas aporta digitalizar la gesti\u00f3n de tu sal\u00f3n con Treatwell PRO?<\/h3>\n<p class=\"schema-faq-answer\">Digitalizar la gesti\u00f3n con Treatwell PRO te da acceso a funcionalidades como agenda digital, base de datos y campa\u00f1as personalizadas. Puedes ahorrar tiempo en procesos administrativos, crear promociones flash y mantener una comunicaci\u00f3n efectiva para atraer y fidelizar clientela, impulsando el crecimiento de tu negocio.<\/div>\n<\/p><\/div>\n","protected":false},"excerpt":{"rendered":"<p>\u00bfTe dispones a crear tu marca personal pero necesitas ejemplos que te ayuden a consolidar el branding de tu peluquer\u00eda o sal\u00f3n de belleza? O lo m\u00e1s importante: \u00bfno sabes qu\u00e9 es la marca personal de una empresa? \u00a1Treatwell al rescate! Despu\u00e9s de leer este art\u00edculo, sabras c\u00f3mo diferenciarte de la competencia construyendo tu propia [&hellip;]<\/p>\n","protected":false},"author":50,"featured_media":4971,"template":"","meta":{"_acf_changed":false,"_yoast_wpseo_title":"Sal\u00f3n Look Madrid: tendencias beauty y demo Treatwell Pro","_yoast_wpseo_metadesc":"Descubre Sal\u00f3n Look en Madrid, el evento beauty de referencia. Conoce tendencias, haz networking y disfruta demostraciones exclusivas de Treatwell Pro para tu negocio.","_editorskit_title_hidden":false,"_editorskit_reading_time":0,"_editorskit_is_block_options_detached":false,"_editorskit_block_options_position":"{}","saswp_custom_schema_field":"{\"@context\":\"https:\/\/schema.org\",\"@type\":\"FAQPage\",\"mainEntity\":[{\"@type\":\"Question\",\"name\":\"\u00bfC\u00f3mo desarrollar una marca personal fuerte en tu sal\u00f3n de belleza?\",\"acceptedAnswer\":{\"@type\":\"Answer\",\"text\":\"Puedes desarrollar una marca personal s\u00f3lida definiendo claramente tus valores, misi\u00f3n y filosof\u00eda. Aseg\u00farate de que cada elemento, desde el naming hasta el logotipo y la comunicaci\u00f3n, transmita la esencia de tu sal\u00f3n. Esto te permite diferenciarte de la competencia y fidelizar a tu clientela.\"}},{\"@type\":\"Question\",\"name\":\"\u00bfQu\u00e9 canales digitales utilizar para promocionar la marca de tu sal\u00f3n?\",\"acceptedAnswer\":{\"@type\":\"Answer\",\"text\":\"Debes utilizar redes sociales, p\u00e1gina web y estrategias multicanal para promocionar tu marca. Gestiona tus perfiles en Instagram, Facebook, TikTok y Google My Business, y mant\u00e9n toda la informaci\u00f3n de tu sal\u00f3n actualizada online para aumentar la visibilidad y captar nueva clientela.\"}},{\"@type\":\"Question\",\"name\":\"\u00bfC\u00f3mo mejorar la experiencia de tu clientela en el sal\u00f3n offline?\",\"acceptedAnswer\":{\"@type\":\"Answer\",\"text\":\"Puedes mejorar la experiencia ofreciendo asesoramiento personalizado, atenci\u00f3n cercana y detalles exclusivos durante la visita. Gestiona la experiencia desde el trato personal hasta los servicios adicionales, asegur\u00e1ndote de que cada clienta o cliente se sienta especial, lo que impulsa recomendaciones y repetici\u00f3n de visitas.\"}},{\"@type\":\"Question\",\"name\":\"\u00bfCu\u00e1les son las claves para diferenciar tu sal\u00f3n de la competencia?\",\"acceptedAnswer\":{\"@type\":\"Answer\",\"text\":\"Para diferenciar tu sal\u00f3n, comunica tus valores \u00fanicos, cuida el dise\u00f1o visual y ofrece servicios personalizados. Eval\u00faa a la competencia local, identifica tus puntos fuertes y trasl\u00e1dalos tanto en la comunicaci\u00f3n online como offline para crear una propuesta de valor reconocible y memorable.\"}},{\"@type\":\"Question\",\"name\":\"\u00bfPor qu\u00e9 es importante mantener coherencia en la comunicaci\u00f3n de tu marca?\",\"acceptedAnswer\":{\"@type\":\"Answer\",\"text\":\"Mantener coherencia asegura que transmites un mensaje claro y profesional en todos los canales, desde redes sociales hasta la atenci\u00f3n en el sal\u00f3n. Esto genera confianza, refuerza tu identidad y ayuda a posicionar tu negocio como referente entre la clientela potencial y habitual.\"}},{\"@type\":\"Question\",\"name\":\"\u00bfQu\u00e9 ventajas aporta digitalizar la gesti\u00f3n de tu sal\u00f3n con Treatwell PRO?\",\"acceptedAnswer\":{\"@type\":\"Answer\",\"text\":\"Digitalizar la gesti\u00f3n con Treatwell PRO te da acceso a funcionalidades como agenda digital, base de datos y campa\u00f1as personalizadas. Puedes ahorrar tiempo en procesos administrativos, crear promociones flash y mantener una comunicaci\u00f3n efectiva para atraer y fidelizar clientela, impulsando el crecimiento de tu negocio.\"}}]}"},"categories":[],"tags":[],"target-audience":[],"class_list":["post-3375","blog","type-blog","status-publish","has-post-thumbnail","hentry"],"acf":[],"yoast_head":"<!-- This site is optimized with the Yoast SEO plugin v27.5 - https:\/\/yoast.com\/product\/yoast-seo-wordpress\/ -->\n<title>Sal\u00f3n Look Madrid: tendencias beauty y demo Treatwell Pro<\/title>\n<meta name=\"description\" content=\"Descubre Sal\u00f3n Look en Madrid, el evento beauty de referencia. Conoce tendencias, haz networking y disfruta demostraciones exclusivas de Treatwell Pro para tu negocio.\" \/>\n<meta name=\"robots\" content=\"index, follow, max-snippet:-1, max-image-preview:large, max-video-preview:-1\" \/>\n<link rel=\"canonical\" href=\"https:\/\/www.treatwell.es/partners\/recursos\/blog\/crear-y-desarrollar-la-marca-profesional-para-un-salon\/\" \/>\n<meta property=\"og:locale\" content=\"es_ES\" \/>\n<meta property=\"og:type\" content=\"article\" \/>\n<meta property=\"og:title\" content=\"Sal\u00f3n Look Madrid: tendencias beauty y demo Treatwell Pro\" \/>\n<meta property=\"og:description\" content=\"Descubre Sal\u00f3n Look en Madrid, el evento beauty de referencia. Conoce tendencias, haz networking y disfruta demostraciones exclusivas de Treatwell Pro para tu negocio.\" \/>\n<meta property=\"og:url\" content=\"https:\/\/www.treatwell.es/partners\/recursos\/blog\/crear-y-desarrollar-la-marca-profesional-para-un-salon\/\" \/>\n<meta property=\"og:site_name\" content=\"Treatwell Business\" \/>\n<meta property=\"article:modified_time\" content=\"2026-02-18T19:16:08+00:00\" \/>\n<meta property=\"og:image\" content=\"https:\/\/www.treatwell.es/partners\/wp-content\/uploads\/sites\/16\/2022\/09\/386414_UK_Yumi_Beauty_05.jpg\" \/>\n\t<meta property=\"og:image:width\" content=\"1950\" \/>\n\t<meta property=\"og:image:height\" content=\"1302\" \/>\n\t<meta property=\"og:image:type\" content=\"image\/jpeg\" \/>\n<meta name=\"twitter:card\" content=\"summary_large_image\" \/>\n<meta name=\"twitter:label1\" content=\"Tiempo de lectura\" \/>\n\t<meta name=\"twitter:data1\" content=\"10 minutos\" \/>\n<script type=\"application\/ld+json\" class=\"yoast-schema-graph\">{\"@context\":\"https:\\\/\\\/schema.org\",\"@graph\":[{\"@type\":\"Article\",\"@id\":\"https:\\\/\\\/www.treatwell.es/partners\\\/recursos\\\/blog\\\/crear-y-desarrollar-la-marca-profesional-para-un-salon\\\/#article\",\"isPartOf\":{\"@id\":\"https:\\\/\\\/www.treatwell.es/partners\\\/recursos\\\/blog\\\/crear-y-desarrollar-la-marca-profesional-para-un-salon\\\/\"},\"author\":{\"name\":\"Beth Ryan\",\"@id\":\"https:\\\/\\\/www.treatwell.es/partners\\\/#\\\/schema\\\/person\\\/6960e93c537181ca1be516e802450be1\"},\"headline\":\"C\u00f3mo crear una marca personal con ejemplos para tu sal\u00f3n\",\"datePublished\":\"2022-09-22T15:58:00+00:00\",\"dateModified\":\"2026-02-18T19:16:08+00:00\",\"mainEntityOfPage\":{\"@id\":\"https:\\\/\\\/www.treatwell.es/partners\\\/recursos\\\/blog\\\/crear-y-desarrollar-la-marca-profesional-para-un-salon\\\/\"},\"wordCount\":2482,\"publisher\":{\"@id\":\"https:\\\/\\\/www.treatwell.es/partners\\\/#organization\"},\"image\":{\"@id\":\"https:\\\/\\\/www.treatwell.es/partners\\\/recursos\\\/blog\\\/crear-y-desarrollar-la-marca-profesional-para-un-salon\\\/#primaryimage\"},\"thumbnailUrl\":\"https:\\\/\\\/www.treatwell.es/partners\\\/wp-content\\\/uploads\\\/sites\\\/16\\\/2022\\\/09\\\/386414_UK_Yumi_Beauty_05.jpg\",\"inLanguage\":\"es\"},{\"@type\":\"WebPage\",\"@id\":\"https:\\\/\\\/www.treatwell.es/partners\\\/recursos\\\/blog\\\/crear-y-desarrollar-la-marca-profesional-para-un-salon\\\/\",\"url\":\"https:\\\/\\\/www.treatwell.es/partners\\\/recursos\\\/blog\\\/crear-y-desarrollar-la-marca-profesional-para-un-salon\\\/\",\"name\":\"Sal\u00f3n Look Madrid: tendencias beauty y demo Treatwell Pro\",\"isPartOf\":{\"@id\":\"https:\\\/\\\/www.treatwell.es/partners\\\/#website\"},\"primaryImageOfPage\":{\"@id\":\"https:\\\/\\\/www.treatwell.es/partners\\\/recursos\\\/blog\\\/crear-y-desarrollar-la-marca-profesional-para-un-salon\\\/#primaryimage\"},\"image\":{\"@id\":\"https:\\\/\\\/www.treatwell.es/partners\\\/recursos\\\/blog\\\/crear-y-desarrollar-la-marca-profesional-para-un-salon\\\/#primaryimage\"},\"thumbnailUrl\":\"https:\\\/\\\/www.treatwell.es/partners\\\/wp-content\\\/uploads\\\/sites\\\/16\\\/2022\\\/09\\\/386414_UK_Yumi_Beauty_05.jpg\",\"datePublished\":\"2022-09-22T15:58:00+00:00\",\"dateModified\":\"2026-02-18T19:16:08+00:00\",\"description\":\"Descubre Sal\u00f3n Look en Madrid, el evento beauty de referencia. Conoce tendencias, haz networking y disfruta demostraciones exclusivas de Treatwell Pro para tu negocio.\",\"breadcrumb\":{\"@id\":\"https:\\\/\\\/www.treatwell.es/partners\\\/recursos\\\/blog\\\/crear-y-desarrollar-la-marca-profesional-para-un-salon\\\/#breadcrumb\"},\"inLanguage\":\"es\",\"potentialAction\":[{\"@type\":\"ReadAction\",\"target\":[\"https:\\\/\\\/www.treatwell.es/partners\\\/recursos\\\/blog\\\/crear-y-desarrollar-la-marca-profesional-para-un-salon\\\/\"]}]},{\"@type\":\"ImageObject\",\"inLanguage\":\"es\",\"@id\":\"https:\\\/\\\/www.treatwell.es/partners\\\/recursos\\\/blog\\\/crear-y-desarrollar-la-marca-profesional-para-un-salon\\\/#primaryimage\",\"url\":\"https:\\\/\\\/www.treatwell.es/partners\\\/wp-content\\\/uploads\\\/sites\\\/16\\\/2022\\\/09\\\/386414_UK_Yumi_Beauty_05.jpg\",\"contentUrl\":\"https:\\\/\\\/www.treatwell.es/partners\\\/wp-content\\\/uploads\\\/sites\\\/16\\\/2022\\\/09\\\/386414_UK_Yumi_Beauty_05.jpg\",\"width\":1950,\"height\":1302,\"caption\":\"marca personal ejemplos\"},{\"@type\":\"BreadcrumbList\",\"@id\":\"https:\\\/\\\/www.treatwell.es/partners\\\/recursos\\\/blog\\\/crear-y-desarrollar-la-marca-profesional-para-un-salon\\\/#breadcrumb\",\"itemListElement\":[{\"@type\":\"ListItem\",\"position\":1,\"name\":\"Home\",\"item\":\"https:\\\/\\\/www.treatwell.es/partners\\\/\"},{\"@type\":\"ListItem\",\"position\":2,\"name\":\"Blog\",\"item\":\"https:\\\/\\\/www.treatwell.es/partners\\\/recursos\\\/blog\\\/\"},{\"@type\":\"ListItem\",\"position\":3,\"name\":\"C\u00f3mo crear una marca personal con ejemplos para tu sal\u00f3n\"}]},{\"@type\":\"WebSite\",\"@id\":\"https:\\\/\\\/www.treatwell.es/partners\\\/#website\",\"url\":\"https:\\\/\\\/www.treatwell.es/partners\\\/\",\"name\":\"Treatwell Business\",\"description\":\"\",\"publisher\":{\"@id\":\"https:\\\/\\\/www.treatwell.es/partners\\\/#organization\"},\"potentialAction\":[{\"@type\":\"SearchAction\",\"target\":{\"@type\":\"EntryPoint\",\"urlTemplate\":\"https:\\\/\\\/www.treatwell.es/partners\\\/?s={search_term_string}\"},\"query-input\":{\"@type\":\"PropertyValueSpecification\",\"valueRequired\":true,\"valueName\":\"search_term_string\"}}],\"inLanguage\":\"es\"},{\"@type\":\"Organization\",\"@id\":\"https:\\\/\\\/www.treatwell.es/partners\\\/#organization\",\"name\":\"Treatwell\",\"url\":\"https:\\\/\\\/www.treatwell.es/partners\\\/\",\"logo\":{\"@type\":\"ImageObject\",\"inLanguage\":\"es\",\"@id\":\"https:\\\/\\\/www.treatwell.es/partners\\\/#\\\/schema\\\/logo\\\/image\\\/\",\"url\":\"https:\\\/\\\/www.treatwell.es/partners\\\/wp-content\\\/uploads\\\/sites\\\/16\\\/2020\\\/04\\\/treatwell-logotype-navy-rgb@2x.png\",\"contentUrl\":\"https:\\\/\\\/www.treatwell.es/partners\\\/wp-content\\\/uploads\\\/sites\\\/16\\\/2020\\\/04\\\/treatwell-logotype-navy-rgb@2x.png\",\"width\":302,\"height\":56,\"caption\":\"Treatwell\"},\"image\":{\"@id\":\"https:\\\/\\\/www.treatwell.es/partners\\\/#\\\/schema\\\/logo\\\/image\\\/\"}},{\"@type\":\"Person\",\"@id\":\"https:\\\/\\\/www.treatwell.es/partners\\\/#\\\/schema\\\/person\\\/6960e93c537181ca1be516e802450be1\",\"name\":\"Beth Ryan\",\"image\":{\"@type\":\"ImageObject\",\"inLanguage\":\"es\",\"@id\":\"https:\\\/\\\/secure.gravatar.com\\\/avatar\\\/93502c3b0591e62d75cc697ff3b5b8f47fef521e9dd0d61feb5570ae6d459200?s=96&d=mm&r=g\",\"url\":\"https:\\\/\\\/secure.gravatar.com\\\/avatar\\\/93502c3b0591e62d75cc697ff3b5b8f47fef521e9dd0d61feb5570ae6d459200?s=96&d=mm&r=g\",\"contentUrl\":\"https:\\\/\\\/secure.gravatar.com\\\/avatar\\\/93502c3b0591e62d75cc697ff3b5b8f47fef521e9dd0d61feb5570ae6d459200?s=96&d=mm&r=g\",\"caption\":\"Beth Ryan\"},\"url\":\"https:\\\/\\\/www.treatwell.es/partners\\\/author\\\/bethany-ryantreatwell-com\\\/\"}]}<\/script>\n<!-- \/ Yoast SEO plugin. -->","yoast_head_json":{"title":"Sal\u00f3n Look Madrid: tendencias beauty y demo Treatwell Pro","description":"Descubre Sal\u00f3n Look en Madrid, el evento beauty de referencia. Conoce tendencias, haz networking y disfruta demostraciones exclusivas de Treatwell Pro para tu negocio.","robots":{"index":"index","follow":"follow","max-snippet":"max-snippet:-1","max-image-preview":"max-image-preview:large","max-video-preview":"max-video-preview:-1"},"canonical":"https:\/\/www.treatwell.es/partners\/recursos\/blog\/crear-y-desarrollar-la-marca-profesional-para-un-salon\/","og_locale":"es_ES","og_type":"article","og_title":"Sal\u00f3n Look Madrid: tendencias beauty y demo Treatwell Pro","og_description":"Descubre Sal\u00f3n Look en Madrid, el evento beauty de referencia. Conoce tendencias, haz networking y disfruta demostraciones exclusivas de Treatwell Pro para tu negocio.","og_url":"https:\/\/www.treatwell.es/partners\/recursos\/blog\/crear-y-desarrollar-la-marca-profesional-para-un-salon\/","og_site_name":"Treatwell Business","article_modified_time":"2026-02-18T19:16:08+00:00","og_image":[{"width":1950,"height":1302,"url":"https:\/\/www.treatwell.es/partners\/wp-content\/uploads\/sites\/16\/2022\/09\/386414_UK_Yumi_Beauty_05.jpg","type":"image\/jpeg"}],"twitter_card":"summary_large_image","twitter_misc":{"Tiempo de lectura":"10 minutos"},"schema":{"@context":"https:\/\/schema.org","@graph":[{"@type":"Article","@id":"https:\/\/www.treatwell.es/partners\/recursos\/blog\/crear-y-desarrollar-la-marca-profesional-para-un-salon\/#article","isPartOf":{"@id":"https:\/\/www.treatwell.es/partners\/recursos\/blog\/crear-y-desarrollar-la-marca-profesional-para-un-salon\/"},"author":{"name":"Beth Ryan","@id":"https:\/\/www.treatwell.es/partners\/#\/schema\/person\/6960e93c537181ca1be516e802450be1"},"headline":"C\u00f3mo crear una marca personal con ejemplos para tu sal\u00f3n","datePublished":"2022-09-22T15:58:00+00:00","dateModified":"2026-02-18T19:16:08+00:00","mainEntityOfPage":{"@id":"https:\/\/www.treatwell.es/partners\/recursos\/blog\/crear-y-desarrollar-la-marca-profesional-para-un-salon\/"},"wordCount":2482,"publisher":{"@id":"https:\/\/www.treatwell.es/partners\/#organization"},"image":{"@id":"https:\/\/www.treatwell.es/partners\/recursos\/blog\/crear-y-desarrollar-la-marca-profesional-para-un-salon\/#primaryimage"},"thumbnailUrl":"https:\/\/www.treatwell.es/partners\/wp-content\/uploads\/sites\/16\/2022\/09\/386414_UK_Yumi_Beauty_05.jpg","inLanguage":"es"},{"@type":"WebPage","@id":"https:\/\/www.treatwell.es/partners\/recursos\/blog\/crear-y-desarrollar-la-marca-profesional-para-un-salon\/","url":"https:\/\/www.treatwell.es/partners\/recursos\/blog\/crear-y-desarrollar-la-marca-profesional-para-un-salon\/","name":"Sal\u00f3n Look Madrid: tendencias beauty y demo Treatwell Pro","isPartOf":{"@id":"https:\/\/www.treatwell.es/partners\/#website"},"primaryImageOfPage":{"@id":"https:\/\/www.treatwell.es/partners\/recursos\/blog\/crear-y-desarrollar-la-marca-profesional-para-un-salon\/#primaryimage"},"image":{"@id":"https:\/\/www.treatwell.es/partners\/recursos\/blog\/crear-y-desarrollar-la-marca-profesional-para-un-salon\/#primaryimage"},"thumbnailUrl":"https:\/\/www.treatwell.es/partners\/wp-content\/uploads\/sites\/16\/2022\/09\/386414_UK_Yumi_Beauty_05.jpg","datePublished":"2022-09-22T15:58:00+00:00","dateModified":"2026-02-18T19:16:08+00:00","description":"Descubre Sal\u00f3n Look en Madrid, el evento beauty de referencia. Conoce tendencias, haz networking y disfruta demostraciones exclusivas de Treatwell Pro para tu negocio.","breadcrumb":{"@id":"https:\/\/www.treatwell.es/partners\/recursos\/blog\/crear-y-desarrollar-la-marca-profesional-para-un-salon\/#breadcrumb"},"inLanguage":"es","potentialAction":[{"@type":"ReadAction","target":["https:\/\/www.treatwell.es/partners\/recursos\/blog\/crear-y-desarrollar-la-marca-profesional-para-un-salon\/"]}]},{"@type":"ImageObject","inLanguage":"es","@id":"https:\/\/www.treatwell.es/partners\/recursos\/blog\/crear-y-desarrollar-la-marca-profesional-para-un-salon\/#primaryimage","url":"https:\/\/www.treatwell.es/partners\/wp-content\/uploads\/sites\/16\/2022\/09\/386414_UK_Yumi_Beauty_05.jpg","contentUrl":"https:\/\/www.treatwell.es/partners\/wp-content\/uploads\/sites\/16\/2022\/09\/386414_UK_Yumi_Beauty_05.jpg","width":1950,"height":1302,"caption":"marca personal ejemplos"},{"@type":"BreadcrumbList","@id":"https:\/\/www.treatwell.es/partners\/recursos\/blog\/crear-y-desarrollar-la-marca-profesional-para-un-salon\/#breadcrumb","itemListElement":[{"@type":"ListItem","position":1,"name":"Home","item":"https:\/\/www.treatwell.es/partners\/"},{"@type":"ListItem","position":2,"name":"Blog","item":"https:\/\/www.treatwell.es/partners\/recursos\/blog\/"},{"@type":"ListItem","position":3,"name":"C\u00f3mo crear una marca personal con ejemplos para tu sal\u00f3n"}]},{"@type":"WebSite","@id":"https:\/\/www.treatwell.es/partners\/#website","url":"https:\/\/www.treatwell.es/partners\/","name":"Treatwell Business","description":"","publisher":{"@id":"https:\/\/www.treatwell.es/partners\/#organization"},"potentialAction":[{"@type":"SearchAction","target":{"@type":"EntryPoint","urlTemplate":"https:\/\/www.treatwell.es/partners\/?s={search_term_string}"},"query-input":{"@type":"PropertyValueSpecification","valueRequired":true,"valueName":"search_term_string"}}],"inLanguage":"es"},{"@type":"Organization","@id":"https:\/\/www.treatwell.es/partners\/#organization","name":"Treatwell","url":"https:\/\/www.treatwell.es/partners\/","logo":{"@type":"ImageObject","inLanguage":"es","@id":"https:\/\/www.treatwell.es/partners\/#\/schema\/logo\/image\/","url":"https:\/\/www.treatwell.es/partners\/wp-content\/uploads\/sites\/16\/2020\/04\/treatwell-logotype-navy-rgb@2x.png","contentUrl":"https:\/\/www.treatwell.es/partners\/wp-content\/uploads\/sites\/16\/2020\/04\/treatwell-logotype-navy-rgb@2x.png","width":302,"height":56,"caption":"Treatwell"},"image":{"@id":"https:\/\/www.treatwell.es/partners\/#\/schema\/logo\/image\/"}},{"@type":"Person","@id":"https:\/\/www.treatwell.es/partners\/#\/schema\/person\/6960e93c537181ca1be516e802450be1","name":"Beth Ryan","image":{"@type":"ImageObject","inLanguage":"es","@id":"https:\/\/secure.gravatar.com\/avatar\/93502c3b0591e62d75cc697ff3b5b8f47fef521e9dd0d61feb5570ae6d459200?s=96&d=mm&r=g","url":"https:\/\/secure.gravatar.com\/avatar\/93502c3b0591e62d75cc697ff3b5b8f47fef521e9dd0d61feb5570ae6d459200?s=96&d=mm&r=g","contentUrl":"https:\/\/secure.gravatar.com\/avatar\/93502c3b0591e62d75cc697ff3b5b8f47fef521e9dd0d61feb5570ae6d459200?s=96&d=mm&r=g","caption":"Beth Ryan"},"url":"https:\/\/www.treatwell.es/partners\/author\/bethany-ryantreatwell-com\/"}]}},"_links":{"self":[{"href":"https:\/\/www.treatwell.es\/partners\/wp-json\/wp\/v2\/blog\/3375","targetHints":{"allow":["GET"]}}],"collection":[{"href":"https:\/\/www.treatwell.es\/partners\/wp-json\/wp\/v2\/blog"}],"about":[{"href":"https:\/\/www.treatwell.es\/partners\/wp-json\/wp\/v2\/types\/blog"}],"author":[{"embeddable":true,"href":"https:\/\/www.treatwell.es\/partners\/wp-json\/wp\/v2\/users\/50"}],"wp:featuredmedia":[{"embeddable":true,"href":"https:\/\/www.treatwell.es\/partners\/wp-json\/wp\/v2\/media\/4971"}],"wp:attachment":[{"href":"https:\/\/www.treatwell.es\/partners\/wp-json\/wp\/v2\/media?parent=3375"}],"wp:term":[{"taxonomy":"category","embeddable":true,"href":"https:\/\/www.treatwell.es\/partners\/wp-json\/wp\/v2\/categories?post=3375"},{"taxonomy":"post_tag","embeddable":true,"href":"https:\/\/www.treatwell.es\/partners\/wp-json\/wp\/v2\/tags?post=3375"},{"taxonomy":"target-audience","embeddable":true,"href":"https:\/\/www.treatwell.es\/partners\/wp-json\/wp\/v2\/target-audience?post=3375"}],"curies":[{"name":"wp","href":"https:\/\/api.w.org\/{rel}","templated":true}]}}